{"id":11141,"date":"2025-03-28T11:16:04","date_gmt":"2025-03-28T10:16:04","guid":{"rendered":"https:\/\/agora.xtec.cat\/iesmontbui\/?p=11141"},"modified":"2025-03-28T11:18:39","modified_gmt":"2025-03-28T10:18:39","slug":"videopodcasts-projecte-radio-2n-trimestre","status":"publish","type":"post","link":"https:\/\/agora.xtec.cat\/iesmontbui\/general\/videopodcasts-projecte-radio-2n-trimestre\/","title":{"rendered":"Videopodcasts projecte R\u00e0dio (2n trimestre)"},"content":{"rendered":"<p>L\u2019alumnat de tercer d\u2019ESO del projecte de\u00a0<strong>Comunicaci\u00f3 i R\u00e0dio <\/strong>del segon trimestre ha elaborat diversos<strong> podcasts relacionats amb la <a href=\"https:\/\/agora.xtec.cat\/iesmontbui\/eso\/eso-3\/la-festa-dels-traginers-es-noticia\/\">sortida a la festa dels traginers d&#8217;Igualada,<\/a> a la qual van assistir el passat 17 de gener.\u00a0<\/strong><\/p>\n<p>Aquesta \u00e9s una mostra d&#8217;alguns dels treballs de l&#8217;alumnat, tamb\u00e9 enregistrats en v\u00eddeo:<\/p>\n<p><strong>Grup Ibtissam Achnour, Sakira Gim\u00e9nez i Claudia Mu\u00f1oz<\/strong><\/p>\n<p><iframe loading=\"lazy\" src=\"https:\/\/drive.google.com\/file\/d\/1FGSg8l0ZAoFNH04i0j_V9VZNFCLiUkkf\/preview\" width=\"640\" height=\"480\"><\/iframe><\/p>\n<p><strong>Grup Ismael Roman, Didier Ortiz i Mouhamadou Diallo<\/strong><\/p>\n<p><iframe loading=\"lazy\" src=\"https:\/\/drive.google.com\/file\/d\/1F_wUraOzM9XSMTduE09ohfvc1s7DGQuI\/preview\" width=\"640\" height=\"480\"><\/iframe><\/p>\n<p>&nbsp;<\/p>\n","protected":false},"excerpt":{"rendered":"<p>L\u2019alumnat de tercer d\u2019ESO del projecte de\u00a0Comunicaci\u00f3 i R\u00e0dio del segon trimestre ha elaborat diversos podcasts relacionats amb la <a href=\"https:\/\/agora.xtec.cat\/iesmontbui\/eso\/eso-3\/la-festa-dels-traginers-es-noticia\/\">sortida a la festa dels traginers d&#8217;Igualada,<\/a> a la qual van assistir el passat 17 de gener.\u00a0<br \/>\nAquesta \u00e9s una mostra d&#8217;alguns dels treballs de l&#8217;alumnat,&hellip;  <a href=\"https:\/\/agora.xtec.cat\/iesmontbui\/general\/videopodcasts-projecte-radio-2n-trimestre\/\" title=\"Read Videopodcasts projecte R\u00e0dio (2n trimestre)\">Llegeix m\u00e9s\u00bb<\/a><\/p>\n","protected":false},"author":66,"featured_media":11168,"comment_status":"open","ping_status":"closed","sticky":false,"template":"","format":"standard","meta":{"_bbp_topic_count":0,"_bbp_reply_count":0,"_bbp_total_topic_count":0,"_bbp_total_reply_count":0,"_bbp_voice_count":0,"_bbp_anonymous_reply_count":0,"_bbp_topic_count_hidden":0,"_bbp_reply_count_hidden":0,"_bbp_forum_subforum_count":0,"footnotes":""},"categories":[1,29,1038,324],"tags":[210,1081,1039,1040,474,245,1230],"class_list":["post-11141","post","type-post","status-publish","format-standard","has-post-thumbnail","hentry","category-general","category-portada","category-projectes","category-radio","tag-comunicacio","tag-festa-traginers-igualada","tag-podcast","tag-podcasts","tag-projecte-comunicacio","tag-radio","tag-videopodcast"],"post_mailing_queue_ids":[],"_links":{"self":[{"href":"https:\/\/agora.xtec.cat\/iesmontbui\/wp-json\/wp\/v2\/posts\/11141","targetHints":{"allow":["GET"]}}],"collection":[{"href":"https:\/\/agora.xtec.cat\/iesmontbui\/wp-json\/wp\/v2\/posts"}],"about":[{"href":"https:\/\/agora.xtec.cat\/iesmontbui\/wp-json\/wp\/v2\/types\/post"}],"author":[{"embeddable":true,"href":"https:\/\/agora.xtec.cat\/iesmontbui\/wp-json\/wp\/v2\/users\/66"}],"replies":[{"embeddable":true,"href":"https:\/\/agora.xtec.cat\/iesmontbui\/wp-json\/wp\/v2\/comments?post=11141"}],"version-history":[{"count":5,"href":"https:\/\/agora.xtec.cat\/iesmontbui\/wp-json\/wp\/v2\/posts\/11141\/revisions"}],"predecessor-version":[{"id":11167,"href":"https:\/\/agora.xtec.cat\/iesmontbui\/wp-json\/wp\/v2\/posts\/11141\/revisions\/11167"}],"wp:featuredmedia":[{"embeddable":true,"href":"https:\/\/agora.xtec.cat\/iesmontbui\/wp-json\/wp\/v2\/media\/11168"}],"wp:attachment":[{"href":"https:\/\/agora.xtec.cat\/iesmontbui\/wp-json\/wp\/v2\/media?parent=11141"}],"wp:term":[{"taxonomy":"category","embeddable":true,"href":"https:\/\/agora.xtec.cat\/iesmontbui\/wp-json\/wp\/v2\/categories?post=11141"},{"taxonomy":"post_tag","embeddable":true,"href":"https:\/\/agora.xtec.cat\/iesmontbui\/wp-json\/wp\/v2\/tags?post=11141"}],"curies":[{"name":"wp","href":"https:\/\/api.w.org\/{rel}","templated":true}]}}