{"id":11061,"date":"2025-03-18T17:14:34","date_gmt":"2025-03-18T16:14:34","guid":{"rendered":"https:\/\/agora.xtec.cat\/iesmontbui\/?p=11061"},"modified":"2025-03-18T17:14:34","modified_gmt":"2025-03-18T16:14:34","slug":"el-vent-els-portara","status":"publish","type":"post","link":"https:\/\/agora.xtec.cat\/iesmontbui\/eso\/eso-3\/el-vent-els-portara\/","title":{"rendered":"El vent els portar\u00e0"},"content":{"rendered":"<p><a href=\"https:\/\/agora.xtec.cat\/iesmontbui\/wp-content\/uploads\/usu145\/2025\/03\/IMG_20250318_123712-scaled.jpg\"><img loading=\"lazy\" decoding=\"async\" class=\"alignright size-medium wp-image-11065\" src=\"https:\/\/agora.xtec.cat\/iesmontbui\/wp-content\/uploads\/usu145\/2025\/03\/IMG_20250318_123712-300x226.jpg\" alt=\"\" width=\"300\" height=\"226\" srcset=\"https:\/\/agora.xtec.cat\/iesmontbui\/wp-content\/uploads\/usu145\/2025\/03\/IMG_20250318_123712-300x226.jpg 300w, https:\/\/agora.xtec.cat\/iesmontbui\/wp-content\/uploads\/usu145\/2025\/03\/IMG_20250318_123712-1024x771.jpg 1024w, https:\/\/agora.xtec.cat\/iesmontbui\/wp-content\/uploads\/usu145\/2025\/03\/IMG_20250318_123712-768x578.jpg 768w, https:\/\/agora.xtec.cat\/iesmontbui\/wp-content\/uploads\/usu145\/2025\/03\/IMG_20250318_123712-1536x1157.jpg 1536w, https:\/\/agora.xtec.cat\/iesmontbui\/wp-content\/uploads\/usu145\/2025\/03\/IMG_20250318_123712-2048x1542.jpg 2048w, https:\/\/agora.xtec.cat\/iesmontbui\/wp-content\/uploads\/usu145\/2025\/03\/IMG_20250318_123712-200x150.jpg 200w\" sizes=\"auto, (max-width: 300px) 100vw, 300px\" \/><\/a><\/p>\n<p>L&#8217;alumnat de tercer d&#8217;ESO ha visitat aquest dimarts, 18 de mar\u00e7, el <a href=\"https:\/\/anoiaturisme.cat\/anoia\/parc-eolic-de-rubio\/\"><strong>Parc E\u00f2lic de Rubi\u00f3.<\/strong><\/a> Durant la sortida, els estudiants han apr\u00e8s sobre el terreny la <strong>import\u00e0ncia de les energies renovables<\/strong> i han conegut una mica m\u00e9s a fons l&#8217;<strong>energia e\u00f2lica.<\/strong> En aquest sentit, les educadores de l&#8217;empresa <a href=\"https:\/\/gaiamoia.com\/\">GAIA<\/a> han organitzat un petit recorregut als peus de l&#8217;aerogenerador del Parc E\u00f2lic de Rubi\u00f3.<\/p>\n<p>En la sortida s&#8217;han tractat temes ambientals i t\u00e8cnics com la import\u00e0ncia de l&#8217;<strong>estalvi energ\u00e8tic i \u00fas eficient de l&#8217;energia, la producci\u00f3 d&#8217;energia el\u00e8ctrica a Catalunya, els avantatges de l&#8217;energia e\u00f2lica respecte a les convencionals,<\/strong> com es va fer la construcci\u00f3 del parc, com \u00e9s el funcionament dels aerogeneradors i quines caracter\u00edstiques tenen els grans aerogeneradors: la pot\u00e8ncia, les dimensions, etc.<\/p>\n<p>D&#8217;aquesta manera, &#8220;han conegut la import\u00e0ncia de les energies renovables en un entorn natural i rural, on \u00e9s m\u00e9s f\u00e0cil adonar-se de tot all\u00f2 que podem perdre si no treballem per la sostenibilitat del nostre planeta Terra&#8221;, exposen des del Departament d&#8217;Humanitats.<\/p>\n<p>M\u00e9s imatges a l&#8217;Instagram del centre.<\/p>\n","protected":false},"excerpt":{"rendered":"<p><a href=\"https:\/\/agora.xtec.cat\/iesmontbui\/wp-content\/uploads\/usu145\/2025\/03\/IMG_20250318_123712-scaled.jpg\"><\/a><br \/>\nL&#8217;alumnat de tercer d&#8217;ESO ha visitat aquest dimarts, 18 de mar\u00e7, el <a href=\"https:\/\/anoiaturisme.cat\/anoia\/parc-eolic-de-rubio\/\">Parc E\u00f2lic de Rubi\u00f3.<\/a> Durant la sortida, els estudiants han apr\u00e8s sobre el terreny la import\u00e0ncia de les energies renovables i han conegut una mica m\u00e9s a fons l&#8217;energia e\u00f2lica. En&hellip;  <a href=\"https:\/\/agora.xtec.cat\/iesmontbui\/eso\/eso-3\/el-vent-els-portara\/\" title=\"Read El vent els portar\u00e0\">Llegeix m\u00e9s\u00bb<\/a><\/p>\n","protected":false},"author":66,"featured_media":11064,"comment_status":"open","ping_status":"closed","sticky":false,"template":"","format":"standard","meta":{"_bbp_topic_count":0,"_bbp_reply_count":0,"_bbp_total_topic_count":0,"_bbp_total_reply_count":0,"_bbp_voice_count":0,"_bbp_anonymous_reply_count":0,"_bbp_topic_count_hidden":0,"_bbp_reply_count_hidden":0,"_bbp_forum_subforum_count":0,"footnotes":""},"categories":[126,6,29],"tags":[1139,573,1138,1137],"class_list":["post-11061","post","type-post","status-publish","format-standard","has-post-thumbnail","hentry","category-dephumanitats","category-eso-3","category-portada","tag-gaia","tag-geografia-i-historia","tag-parc-eolic-rubio","tag-sortida-parc-eolic-rubio"],"post_mailing_queue_ids":[],"_links":{"self":[{"href":"https:\/\/agora.xtec.cat\/iesmontbui\/wp-json\/wp\/v2\/posts\/11061","targetHints":{"allow":["GET"]}}],"collection":[{"href":"https:\/\/agora.xtec.cat\/iesmontbui\/wp-json\/wp\/v2\/posts"}],"about":[{"href":"https:\/\/agora.xtec.cat\/iesmontbui\/wp-json\/wp\/v2\/types\/post"}],"author":[{"embeddable":true,"href":"https:\/\/agora.xtec.cat\/iesmontbui\/wp-json\/wp\/v2\/users\/66"}],"replies":[{"embeddable":true,"href":"https:\/\/agora.xtec.cat\/iesmontbui\/wp-json\/wp\/v2\/comments?post=11061"}],"version-history":[{"count":2,"href":"https:\/\/agora.xtec.cat\/iesmontbui\/wp-json\/wp\/v2\/posts\/11061\/revisions"}],"predecessor-version":[{"id":11066,"href":"https:\/\/agora.xtec.cat\/iesmontbui\/wp-json\/wp\/v2\/posts\/11061\/revisions\/11066"}],"wp:featuredmedia":[{"embeddable":true,"href":"https:\/\/agora.xtec.cat\/iesmontbui\/wp-json\/wp\/v2\/media\/11064"}],"wp:attachment":[{"href":"https:\/\/agora.xtec.cat\/iesmontbui\/wp-json\/wp\/v2\/media?parent=11061"}],"wp:term":[{"taxonomy":"category","embeddable":true,"href":"https:\/\/agora.xtec.cat\/iesmontbui\/wp-json\/wp\/v2\/categories?post=11061"},{"taxonomy":"post_tag","embeddable":true,"href":"https:\/\/agora.xtec.cat\/iesmontbui\/wp-json\/wp\/v2\/tags?post=11061"}],"curies":[{"name":"wp","href":"https:\/\/api.w.org\/{rel}","templated":true}]}}