{"id":11059,"date":"2025-03-19T19:01:21","date_gmt":"2025-03-19T18:01:21","guid":{"rendered":"https:\/\/agora.xtec.cat\/iesmontbui\/?p=11059"},"modified":"2025-03-20T19:58:41","modified_gmt":"2025-03-20T18:58:41","slug":"linstitut-participa-a-la-semifinal-de-len-veu-alta-2025","status":"publish","type":"post","link":"https:\/\/agora.xtec.cat\/iesmontbui\/general\/linstitut-participa-a-la-semifinal-de-len-veu-alta-2025\/","title":{"rendered":"L&#8217;institut participa a la semifinal de l&#8217;En Veu Alta 2025"},"content":{"rendered":"<p dir=\"ltr\"><a href=\"https:\/\/agora.xtec.cat\/iesmontbui\/wp-content\/uploads\/usu145\/2025\/03\/IMG-20250319-WA0024-1.jpg\"><img loading=\"lazy\" decoding=\"async\" class=\" wp-image-11076 aligncenter\" src=\"https:\/\/agora.xtec.cat\/iesmontbui\/wp-content\/uploads\/usu145\/2025\/03\/IMG-20250319-WA0024-1-300x225.jpg\" alt=\"\" width=\"351\" height=\"228\" \/><\/a><\/p>\n<p dir=\"ltr\">Aquest dimecres, 19 de mar\u00e7, ha tingut lloc la semifinal del XXI certamen de lectura <a href=\"https:\/\/sites.google.com\/xtec.cat\/anoia-lectora\/certamen-de-lectura-en-veu-alta?pli=1\">En Veu Alta de l&#8217;Anoia,<\/a> que enguany se celebra en dos dies al Museu de la Pell d&#8217;Igualada. Per part de l&#8217;institut Montbui hi han assistit els seg\u00fcents alumnes: <strong>Leyre Medina Yedynak (1A), Guiomar Farhan Pel\u00e1ez (1C); Hafsa Ben Kaoui (2E), Jihane El Youbi (2E); Diego D\u00edaz Arrabal (3C); Laia Fuster Torralbo (3E); Elena Vives Mart\u00ednez (3E) i Eira Caball\u00e9 Ballesteros (4D).<\/strong><\/p>\n<p dir=\"ltr\"><strong>Tres categories\u00a0<\/strong><\/p>\n<p dir=\"ltr\">L&#8217;alumnat de l&#8217;INS Montbui ha pres part en les tres categories possibles per instituts:<\/p>\n<p dir=\"ltr\">&#8211; Timoners, l&#8217;alumnat d&#8217;Aula d&#8217;acollida. (participaven Hafsa i Jihane com suplent).<br \/>\n&#8211; Corsaris, l&#8217;alumnat de 1r i 2n d&#8217;ESO (Guiomar com a lectora i Leyre com suplent).<br \/>\n&#8211; Tropa de Corsaris 3r i 4t d&#8217;ESO en lectura grupa (Elena, Laia i Diego, Eira com a suplent).<\/p>\n<p>Els participants <strong>han llegit uns fragments d&#8217;unes lectures marcades pel jurat del concurs,<\/strong> que pr\u00e8viament han treballat des de Llengua Catalana i des de les hores de Comprensi\u00f3 Lectora amb el professorat del centre.<\/p>\n<p><strong>Pendents de saber si accedeixen a la final <\/strong><\/p>\n<p>En el certamen tamb\u00e9 han paticipat altres escoles i instituts de la comarca, entre les quals Escola del boix, Institut Badia Margarit, Institut Pla de les Moreres, Monalco, Mowgli, Escola Maria Bord\u00e8s. Tot el certamen l&#8217;ha amenitzat entre lectura l&#8217;alumnat del Batxillerat d&#8217;arts esc\u00e8niques de l&#8217;Institut Joan Mercader.<\/p>\n<p>Aquest dijous 20 de mar\u00e7 se sabr\u00e0 si l&#8217;INS Montbui accedeix a la final, que se celebrar\u00e0 el 9 de maig.<\/p>\n<p>Imatges de la jornada a Instagram i a la carpeta Drive: <a href=\"https:\/\/drive.google.com\/drive\/folders\/1BEqjx-5A16o31dgGUVBEBb9OeIiedL2P\">https:\/\/drive.google.com\/drive\/folders\/1BEqjx-5A16o31dgGUVBEBb9OeIiedL2P<\/a><\/p>\n<p dir=\"ltr\">\n","protected":false},"excerpt":{"rendered":"<p><a href=\"https:\/\/agora.xtec.cat\/iesmontbui\/wp-content\/uploads\/usu145\/2025\/03\/IMG-20250319-WA0024-1.jpg\"><\/a><br \/>\nAquest dimecres, 19 de mar\u00e7, ha tingut lloc la semifinal del XXI certamen de lectura <a href=\"https:\/\/sites.google.com\/xtec.cat\/anoia-lectora\/certamen-de-lectura-en-veu-alta?pli=1\">En Veu Alta de l&#8217;Anoia,<\/a> que enguany se celebra en dos dies al Museu de la Pell d&#8217;Igualada. Per part de l&#8217;institut Montbui hi han assistit els seg\u00fcents&hellip;  <a href=\"https:\/\/agora.xtec.cat\/iesmontbui\/general\/linstitut-participa-a-la-semifinal-de-len-veu-alta-2025\/\" title=\"Read L&#8217;institut participa a la semifinal de l&#8217;En Veu Alta 2025\">Llegeix m\u00e9s\u00bb<\/a><\/p>\n","protected":false},"author":66,"featured_media":11075,"comment_status":"open","ping_status":"closed","sticky":false,"template":"","format":"standard","meta":{"_bbp_topic_count":0,"_bbp_reply_count":0,"_bbp_total_topic_count":0,"_bbp_total_reply_count":0,"_bbp_voice_count":0,"_bbp_anonymous_reply_count":0,"_bbp_topic_count_hidden":0,"_bbp_reply_count_hidden":0,"_bbp_forum_subforum_count":0,"footnotes":""},"categories":[125,4,5,6,7,1,29],"tags":[1198,745,1203,1202,602,1199,1201,606,605,608,1200,167],"class_list":["post-11059","post","type-post","status-publish","format-standard","has-post-thumbnail","hentry","category-depllengues","category-eso-1","category-eso-2","category-eso-3","category-eso-4","category-general","category-portada","tag-certamen-lectura-en-veu-alta","tag-diego-diaz","tag-eira-caballe","tag-elena-vives","tag-en-veu-alta","tag-en-veu-alta-2025","tag-guiomar-farhan","tag-hafsa-ben-kaoui","tag-jihane-el-youbi","tag-laia-fuster","tag-leyre-medina","tag-llengua-catalana"],"post_mailing_queue_ids":[],"_links":{"self":[{"href":"https:\/\/agora.xtec.cat\/iesmontbui\/wp-json\/wp\/v2\/posts\/11059","targetHints":{"allow":["GET"]}}],"collection":[{"href":"https:\/\/agora.xtec.cat\/iesmontbui\/wp-json\/wp\/v2\/posts"}],"about":[{"href":"https:\/\/agora.xtec.cat\/iesmontbui\/wp-json\/wp\/v2\/types\/post"}],"author":[{"embeddable":true,"href":"https:\/\/agora.xtec.cat\/iesmontbui\/wp-json\/wp\/v2\/users\/66"}],"replies":[{"embeddable":true,"href":"https:\/\/agora.xtec.cat\/iesmontbui\/wp-json\/wp\/v2\/comments?post=11059"}],"version-history":[{"count":6,"href":"https:\/\/agora.xtec.cat\/iesmontbui\/wp-json\/wp\/v2\/posts\/11059\/revisions"}],"predecessor-version":[{"id":11102,"href":"https:\/\/agora.xtec.cat\/iesmontbui\/wp-json\/wp\/v2\/posts\/11059\/revisions\/11102"}],"wp:featuredmedia":[{"embeddable":true,"href":"https:\/\/agora.xtec.cat\/iesmontbui\/wp-json\/wp\/v2\/media\/11075"}],"wp:attachment":[{"href":"https:\/\/agora.xtec.cat\/iesmontbui\/wp-json\/wp\/v2\/media?parent=11059"}],"wp:term":[{"taxonomy":"category","embeddable":true,"href":"https:\/\/agora.xtec.cat\/iesmontbui\/wp-json\/wp\/v2\/categories?post=11059"},{"taxonomy":"post_tag","embeddable":true,"href":"https:\/\/agora.xtec.cat\/iesmontbui\/wp-json\/wp\/v2\/tags?post=11059"}],"curies":[{"name":"wp","href":"https:\/\/api.w.org\/{rel}","templated":true}]}}