{"id":11018,"date":"2025-03-11T19:44:45","date_gmt":"2025-03-11T18:44:45","guid":{"rendered":"https:\/\/agora.xtec.cat\/iesmontbui\/?p=11018"},"modified":"2025-03-11T22:29:43","modified_gmt":"2025-03-11T21:29:43","slug":"la-formula-de-lexit-per-accedir-al-mercat-laboral","status":"publish","type":"post","link":"https:\/\/agora.xtec.cat\/iesmontbui\/batxillerat\/la-formula-de-lexit-per-accedir-al-mercat-laboral\/","title":{"rendered":"La f\u00f3rmula de l&#8217;\u00e8xit per accedir al mercat laboral"},"content":{"rendered":"<p><a href=\"https:\/\/agora.xtec.cat\/iesmontbui\/wp-content\/uploads\/usu145\/2025\/03\/IMG_1691-scaled-e1741718024400.jpg\"><img loading=\"lazy\" decoding=\"async\" class=\" wp-image-11019 aligncenter\" src=\"https:\/\/agora.xtec.cat\/iesmontbui\/wp-content\/uploads\/usu145\/2025\/03\/IMG_1691-scaled-e1741718024400-300x127.jpg\" alt=\"\" width=\"354\" height=\"150\" srcset=\"https:\/\/agora.xtec.cat\/iesmontbui\/wp-content\/uploads\/usu145\/2025\/03\/IMG_1691-scaled-e1741718024400-300x127.jpg 300w, https:\/\/agora.xtec.cat\/iesmontbui\/wp-content\/uploads\/usu145\/2025\/03\/IMG_1691-scaled-e1741718024400-1024x433.jpg 1024w, https:\/\/agora.xtec.cat\/iesmontbui\/wp-content\/uploads\/usu145\/2025\/03\/IMG_1691-scaled-e1741718024400-768x325.jpg 768w, https:\/\/agora.xtec.cat\/iesmontbui\/wp-content\/uploads\/usu145\/2025\/03\/IMG_1691-scaled-e1741718024400-1536x650.jpg 1536w, https:\/\/agora.xtec.cat\/iesmontbui\/wp-content\/uploads\/usu145\/2025\/03\/IMG_1691-scaled-e1741718024400-2048x866.jpg 2048w\" sizes=\"auto, (max-width: 354px) 100vw, 354px\" \/><\/a><\/p>\n<p><span style=\"font-weight: 400;\">L\u2019alumnat d\u2019Economia de Batxillerat ha rebut aquest dimarts, 11 de mar\u00e7, la visita de l\u2019<strong>Anna Marsal,<\/strong> coordinadora de la <strong>fundaci\u00f3 UEA<\/strong> (Uni\u00f3 Empresarial de l\u2019Anoia) per parlar del <strong>mercat de treball a l\u2019Anoia<\/strong> i la manera d&#8217;accedir-hi.<\/span><\/p>\n<p><span style=\"font-weight: 400;\">La ponent ha exposat a l\u2019alumnat quins s\u00f3n els<strong> sectors productius claus a la comarca, aix\u00ed com les principals empreses que en formen part. <\/strong><\/span><span style=\"font-weight: 400;\">Despr\u00e9s, s\u2019ha parlat de <strong>quines professions es podrien desenvolupar en aquestes empreses,<\/strong> i la manera d\u2019accedir-hi, a trav\u00e9s dels ensenyaments professionals o universitaris.<\/span><\/p>\n<p><span style=\"font-weight: 400;\">A m\u00e9s, utilitzant la famosa f\u00f3rmula de <strong>V\u00edctor K\u00fcppers,<\/strong> ha incidit en la import\u00e0ncia de l\u2019<strong>actitud<\/strong> com a pe\u00e7a clau per a la diferenciaci\u00f3 de candidatures a l\u2019hora d\u2019accedir a un lloc de treball.<\/span><\/p>\n","protected":false},"excerpt":{"rendered":"<p><a href=\"https:\/\/agora.xtec.cat\/iesmontbui\/wp-content\/uploads\/usu145\/2025\/03\/IMG_1691-scaled-e1741718024400.jpg\"><\/a><br \/>\nL\u2019alumnat d\u2019Economia de Batxillerat ha rebut aquest dimarts, 11 de mar\u00e7, la visita de l\u2019Anna Marsal, coordinadora de la fundaci\u00f3 UEA (Uni\u00f3 Empresarial de l\u2019Anoia) per parlar del mercat de treball a l\u2019Anoia i la manera d&#8217;accedir-hi.<br \/>\nLa ponent ha exposat a l\u2019alumnat quins s\u00f3n&hellip;  <a href=\"https:\/\/agora.xtec.cat\/iesmontbui\/batxillerat\/la-formula-de-lexit-per-accedir-al-mercat-laboral\/\" title=\"Read La f\u00f3rmula de l&#8217;\u00e8xit per accedir al mercat laboral\">Llegeix m\u00e9s\u00bb<\/a><\/p>\n","protected":false},"author":66,"featured_media":11019,"comment_status":"open","ping_status":"closed","sticky":false,"template":"","format":"standard","meta":{"_bbp_topic_count":0,"_bbp_reply_count":0,"_bbp_total_topic_count":0,"_bbp_total_reply_count":0,"_bbp_voice_count":0,"_bbp_anonymous_reply_count":0,"_bbp_topic_count_hidden":0,"_bbp_reply_count_hidden":0,"_bbp_forum_subforum_count":0,"footnotes":""},"categories":[8,29],"tags":[1178,440,140,577,576],"class_list":["post-11018","post","type-post","status-publish","format-standard","has-post-thumbnail","hentry","category-batxillerat","category-portada","tag-anna-marsal","tag-anoia","tag-economia","tag-fundacio-uea","tag-unio-empresarial-de-lanoia"],"post_mailing_queue_ids":[],"_links":{"self":[{"href":"https:\/\/agora.xtec.cat\/iesmontbui\/wp-json\/wp\/v2\/posts\/11018","targetHints":{"allow":["GET"]}}],"collection":[{"href":"https:\/\/agora.xtec.cat\/iesmontbui\/wp-json\/wp\/v2\/posts"}],"about":[{"href":"https:\/\/agora.xtec.cat\/iesmontbui\/wp-json\/wp\/v2\/types\/post"}],"author":[{"embeddable":true,"href":"https:\/\/agora.xtec.cat\/iesmontbui\/wp-json\/wp\/v2\/users\/66"}],"replies":[{"embeddable":true,"href":"https:\/\/agora.xtec.cat\/iesmontbui\/wp-json\/wp\/v2\/comments?post=11018"}],"version-history":[{"count":3,"href":"https:\/\/agora.xtec.cat\/iesmontbui\/wp-json\/wp\/v2\/posts\/11018\/revisions"}],"predecessor-version":[{"id":11028,"href":"https:\/\/agora.xtec.cat\/iesmontbui\/wp-json\/wp\/v2\/posts\/11018\/revisions\/11028"}],"wp:featuredmedia":[{"embeddable":true,"href":"https:\/\/agora.xtec.cat\/iesmontbui\/wp-json\/wp\/v2\/media\/11019"}],"wp:attachment":[{"href":"https:\/\/agora.xtec.cat\/iesmontbui\/wp-json\/wp\/v2\/media?parent=11018"}],"wp:term":[{"taxonomy":"category","embeddable":true,"href":"https:\/\/agora.xtec.cat\/iesmontbui\/wp-json\/wp\/v2\/categories?post=11018"},{"taxonomy":"post_tag","embeddable":true,"href":"https:\/\/agora.xtec.cat\/iesmontbui\/wp-json\/wp\/v2\/tags?post=11018"}],"curies":[{"name":"wp","href":"https:\/\/api.w.org\/{rel}","templated":true}]}}