{"id":10959,"date":"2025-03-10T17:13:16","date_gmt":"2025-03-10T16:13:16","guid":{"rendered":"https:\/\/agora.xtec.cat\/iesmontbui\/?p=10959"},"modified":"2025-03-10T17:13:16","modified_gmt":"2025-03-10T16:13:16","slug":"sortida-idescat-i-borsa-barcelona-1r-bat-27-03","status":"publish","type":"post","link":"https:\/\/agora.xtec.cat\/iesmontbui\/portada\/sortida-idescat-i-borsa-barcelona-1r-bat-27-03\/","title":{"rendered":"Sortida Idescat i Borsa Barcelona (1r BAT, 27\/03)"},"content":{"rendered":"<p><a href=\"https:\/\/agora.xtec.cat\/iesmontbui\/wp-content\/uploads\/usu145\/2025\/03\/idescat.png\"><img loading=\"lazy\" decoding=\"async\" class=\"alignright size-medium wp-image-10960\" src=\"https:\/\/agora.xtec.cat\/iesmontbui\/wp-content\/uploads\/usu145\/2025\/03\/idescat-300x200.png\" alt=\"\" width=\"300\" height=\"200\" srcset=\"https:\/\/agora.xtec.cat\/iesmontbui\/wp-content\/uploads\/usu145\/2025\/03\/idescat-300x200.png 300w, https:\/\/agora.xtec.cat\/iesmontbui\/wp-content\/uploads\/usu145\/2025\/03\/idescat.png 740w\" sizes=\"auto, (max-width: 300px) 100vw, 300px\" \/><\/a><\/p>\n<p>L&#8217;alumnat de <strong>primer de Batxillerat Social-Human\u00edstic<\/strong> realitzar\u00e0 una sortida, el proper <strong>dijous 27 de mar\u00e7<\/strong>, a Barcelona. Es visitar\u00e0 l\u2019<a href=\"https:\/\/www.idescat.cat\/\"><strong>Idescat,<\/strong><\/a> on els explicaran com es calculen els indicadors econ\u00f2mics m\u00e9s rellevants per a l\u2019economia catalana (PIB, taxa d\u2019atur, IPC&#8230;). Tamb\u00e9 els mostraran com podem utilitzar el web de l\u2019Idescat per treure informaci\u00f3 de cara a l\u2019elaboraci\u00f3 del TDR (treball de recerca), ja que al web hi ha estad\u00edstiques i estudis de molts \u00e0mbits: econ\u00f2mics, demogr\u00e0fics, socials&#8230; que els poden ajudar en la part pr\u00e0ctica del treball.<\/p>\n<p>Despr\u00e9s, s&#8217;adre\u00e7aran a la <a href=\"https:\/\/www.bolsasymercados.es\/bme-exchange\/ca\/Borsa-Barcelona\"><strong>Borsa,<\/strong> <\/a>on rebran una xerrada sobre el seu funcionament d\u2019una manera pr\u00e0ctica i entretinguda. Entendran com funciona aquest mercat, regulat per la llei de l\u2019oferta i la demanda, per qu\u00e8 pugen i baixen els preus de les accions, qu\u00e8 \u00e9s l\u2019IBEX-35, qu\u00e8 vol dir especular, qu\u00e8 \u00e9s un crac bors\u00e0til, quina relaci\u00f3 t\u00e9 la Borsa amb l\u2019economia&#8230;<\/p>\n<p>L&#8217;horari de l&#8217;activitat ser\u00e0 <strong>de les 8 a les 14 hores<\/strong>. El preu de la sortida \u00e9s de <strong>14,10 euros<\/strong> (no s\u2019accepten pagaments en efectiu). El concepte per fer el pagament \u00e9s Borsa 2025 1r Batxillerat i la data m\u00e0xima per fer-lo \u00e9s el dia 20 de mar\u00e7 de 2025, a trav\u00e9s d\u2019aquesta p\u00e0gina del web de l\u2019institut: <a href=\"https:\/\/www16.atutoria.com\/tpvol\/imtbui\/\">https:\/\/www16.atutoria.com\/tpvol\/imtbui\/<\/a><\/p>\n<p>IMPORTANT: Cal tenir en compte que, en cas de no assistir a una sortida, el centre no retornar\u00e0 els diners del transport, si n&#8217;hi ha, ja que el preu \u00e9s calculat i ajustat al nombre d&#8217;alumnat inscrit. Si el preu de les activitats, entrades, etc. s&#8217;abona en el moment de realitzar-se en funci\u00f3 del nombre de participants, aquesta part es podr\u00e0 retornar, per\u00f2 no si ha hagut de pagar-se amb antelaci\u00f3.<\/p>\n","protected":false},"excerpt":{"rendered":"<p><a href=\"https:\/\/agora.xtec.cat\/iesmontbui\/wp-content\/uploads\/usu145\/2025\/03\/idescat.png\"><\/a><br \/>\nL&#8217;alumnat de primer de Batxillerat Social-Human\u00edstic realitzar\u00e0 una sortida, el proper dijous 27 de mar\u00e7, a Barcelona. Es visitar\u00e0 l\u2019<a href=\"https:\/\/www.idescat.cat\/\">Idescat,<\/a> on els explicaran com es calculen els indicadors econ\u00f2mics m\u00e9s rellevants per a l\u2019economia catalana (PIB, taxa d\u2019atur, IPC&#8230;). Tamb\u00e9 els mostraran com&hellip;  <a href=\"https:\/\/agora.xtec.cat\/iesmontbui\/portada\/sortida-idescat-i-borsa-barcelona-1r-bat-27-03\/\" title=\"Read Sortida Idescat i Borsa Barcelona (1r BAT, 27\/03)\">Llegeix m\u00e9s\u00bb<\/a><\/p>\n","protected":false},"author":66,"featured_media":10960,"comment_status":"open","ping_status":"closed","sticky":false,"template":"","format":"standard","meta":{"_bbp_topic_count":0,"_bbp_reply_count":0,"_bbp_total_topic_count":0,"_bbp_total_reply_count":0,"_bbp_voice_count":0,"_bbp_anonymous_reply_count":0,"_bbp_topic_count_hidden":0,"_bbp_reply_count_hidden":0,"_bbp_forum_subforum_count":0,"footnotes":""},"categories":[67,119,29],"tags":[1175,1173,1174,1172],"class_list":["post-10959","post","type-post","status-publish","format-standard","has-post-thumbnail","hentry","category-batx-1","category-depmates","category-portada","tag-1-bat-social-humanistic","tag-borsa-de-barcelona","tag-idescat","tag-sortida-borsa"],"post_mailing_queue_ids":[],"_links":{"self":[{"href":"https:\/\/agora.xtec.cat\/iesmontbui\/wp-json\/wp\/v2\/posts\/10959","targetHints":{"allow":["GET"]}}],"collection":[{"href":"https:\/\/agora.xtec.cat\/iesmontbui\/wp-json\/wp\/v2\/posts"}],"about":[{"href":"https:\/\/agora.xtec.cat\/iesmontbui\/wp-json\/wp\/v2\/types\/post"}],"author":[{"embeddable":true,"href":"https:\/\/agora.xtec.cat\/iesmontbui\/wp-json\/wp\/v2\/users\/66"}],"replies":[{"embeddable":true,"href":"https:\/\/agora.xtec.cat\/iesmontbui\/wp-json\/wp\/v2\/comments?post=10959"}],"version-history":[{"count":2,"href":"https:\/\/agora.xtec.cat\/iesmontbui\/wp-json\/wp\/v2\/posts\/10959\/revisions"}],"predecessor-version":[{"id":10962,"href":"https:\/\/agora.xtec.cat\/iesmontbui\/wp-json\/wp\/v2\/posts\/10959\/revisions\/10962"}],"wp:featuredmedia":[{"embeddable":true,"href":"https:\/\/agora.xtec.cat\/iesmontbui\/wp-json\/wp\/v2\/media\/10960"}],"wp:attachment":[{"href":"https:\/\/agora.xtec.cat\/iesmontbui\/wp-json\/wp\/v2\/media?parent=10959"}],"wp:term":[{"taxonomy":"category","embeddable":true,"href":"https:\/\/agora.xtec.cat\/iesmontbui\/wp-json\/wp\/v2\/categories?post=10959"},{"taxonomy":"post_tag","embeddable":true,"href":"https:\/\/agora.xtec.cat\/iesmontbui\/wp-json\/wp\/v2\/tags?post=10959"}],"curies":[{"name":"wp","href":"https:\/\/api.w.org\/{rel}","templated":true}]}}