{"id":10917,"date":"2025-03-05T19:52:10","date_gmt":"2025-03-05T18:52:10","guid":{"rendered":"https:\/\/agora.xtec.cat\/iesmontbui\/?p=10917"},"modified":"2025-03-05T19:52:10","modified_gmt":"2025-03-05T18:52:10","slug":"techlab-programant-la-robotica-quotidiana","status":"publish","type":"post","link":"https:\/\/agora.xtec.cat\/iesmontbui\/eso\/eso-4\/techlab-programant-la-robotica-quotidiana\/","title":{"rendered":"Techlab: Programant la rob\u00f2tica quotidiana"},"content":{"rendered":"<p><span style=\"font-weight: 400;\">L&#8217;alumnat de quart d\u2019ESO de les optatives de <strong>Digitalitzaci\u00f3 i Tecnologia<\/strong> han visitat aquest dimecres, 5 de mar\u00e7, el <a href=\"https:\/\/epsem.upc.edu\/ca\/escola\/techlab_manresa\/activitats-techlab\">Techlab de la UPC de Manresa,<\/a> un espai dedicat a la divulgaci\u00f3 cient\u00edfica i tecnol\u00f2gica. Durant la jornada, han participat en un taller de rob\u00f2tica amb Mindstorms, on han pogut <strong>programar i posar a prova petits robots<\/strong> en diferents reptes.<\/span><\/p>\n<p><span style=\"font-weight: 400;\">Aquesta experi\u00e8ncia ha perm\u00e8s als estudiants aplicar els seus coneixements de programaci\u00f3 i enginyeria d\u2019una manera pr\u00e0ctica i din\u00e0mica. A m\u00e9s,<strong> han descobert com la rob\u00f2tica i la tecnologia tenen aplicacions reals en el m\u00f3n professional i quotidi\u00e0.<\/strong><\/span><\/p>\n<p><a href=\"https:\/\/agora.xtec.cat\/iesmontbui\/wp-content\/uploads\/usu145\/2025\/03\/IMG_0822-1-scaled.jpg\"><img loading=\"lazy\" decoding=\"async\" class=\"alignright size-medium wp-image-10934\" src=\"https:\/\/agora.xtec.cat\/iesmontbui\/wp-content\/uploads\/usu145\/2025\/03\/IMG_0822-1-300x225.jpg\" alt=\"\" width=\"300\" height=\"225\" srcset=\"https:\/\/agora.xtec.cat\/iesmontbui\/wp-content\/uploads\/usu145\/2025\/03\/IMG_0822-1-300x225.jpg 300w, https:\/\/agora.xtec.cat\/iesmontbui\/wp-content\/uploads\/usu145\/2025\/03\/IMG_0822-1-1024x768.jpg 1024w, https:\/\/agora.xtec.cat\/iesmontbui\/wp-content\/uploads\/usu145\/2025\/03\/IMG_0822-1-768x576.jpg 768w, https:\/\/agora.xtec.cat\/iesmontbui\/wp-content\/uploads\/usu145\/2025\/03\/IMG_0822-1-1536x1152.jpg 1536w, https:\/\/agora.xtec.cat\/iesmontbui\/wp-content\/uploads\/usu145\/2025\/03\/IMG_0822-1-2048x1536.jpg 2048w, https:\/\/agora.xtec.cat\/iesmontbui\/wp-content\/uploads\/usu145\/2025\/03\/IMG_0822-1-200x150.jpg 200w\" sizes=\"auto, (max-width: 300px) 100vw, 300px\" \/><\/a><\/p>\n<p><span style=\"font-weight: 400;\">A m\u00e9s del taller, els estudiants han tingut l\u2019oportunitat de con\u00e8ixer les diferents enginyeries que s\u2019imparteixen a la UPC de Manresa: Grau en Enginyeria\u00a0 d&#8217;Automoci\u00f3, Grau en Enginyeria Electr\u00f2nica Industrial i Autom\u00e0tica, Grau en Enginyeria de Sistemes TIC, Grau en Enginyeria Mec\u00e0nica, Grau en Enginyeria Qu\u00edmica, Grau en Enginyeria de Recursos Minerals i el seu Reciclatge.<\/span><\/p>\n<p><span style=\"font-weight: 400;\">&#8220;La sortida ha estat una oportunitat enriquidora per despertar vocacions cient\u00edfiques i tecnol\u00f2giques, fomentant la creativitat i el treball en equip. Sens dubte, una experi\u00e8ncia que ha deixat empremta en els nostres futurs tecn\u00f2legs&#8221;, han explicat des del Departament de Tecnologia.\u00a0\u00a0<\/span><\/p>\n","protected":false},"excerpt":{"rendered":"<p>L&#8217;alumnat de quart d\u2019ESO de les optatives de Digitalitzaci\u00f3 i Tecnologia han visitat aquest dimecres, 5 de mar\u00e7, el <a href=\"https:\/\/epsem.upc.edu\/ca\/escola\/techlab_manresa\/activitats-techlab\">Techlab de la UPC de Manresa,<\/a> un espai dedicat a la divulgaci\u00f3 cient\u00edfica i tecnol\u00f2gica. Durant la jornada, han participat en un taller de rob\u00f2tica&hellip;  <a href=\"https:\/\/agora.xtec.cat\/iesmontbui\/eso\/eso-4\/techlab-programant-la-robotica-quotidiana\/\" title=\"Read Techlab: Programant la rob\u00f2tica quotidiana\">Llegeix m\u00e9s\u00bb<\/a><\/p>\n","protected":false},"author":66,"featured_media":10934,"comment_status":"open","ping_status":"closed","sticky":false,"template":"","format":"standard","meta":{"_bbp_topic_count":0,"_bbp_reply_count":0,"_bbp_total_topic_count":0,"_bbp_total_reply_count":0,"_bbp_voice_count":0,"_bbp_anonymous_reply_count":0,"_bbp_topic_count_hidden":0,"_bbp_reply_count_hidden":0,"_bbp_forum_subforum_count":0,"footnotes":""},"categories":[122,7,29],"tags":[1165,1164,1125,1124],"class_list":["post-10917","post","type-post","status-publish","format-standard","has-post-thumbnail","hentry","category-deptecno","category-eso-4","category-portada","tag-robotica","tag-sortida-techlab","tag-techlab","tag-upc"],"post_mailing_queue_ids":[],"_links":{"self":[{"href":"https:\/\/agora.xtec.cat\/iesmontbui\/wp-json\/wp\/v2\/posts\/10917","targetHints":{"allow":["GET"]}}],"collection":[{"href":"https:\/\/agora.xtec.cat\/iesmontbui\/wp-json\/wp\/v2\/posts"}],"about":[{"href":"https:\/\/agora.xtec.cat\/iesmontbui\/wp-json\/wp\/v2\/types\/post"}],"author":[{"embeddable":true,"href":"https:\/\/agora.xtec.cat\/iesmontbui\/wp-json\/wp\/v2\/users\/66"}],"replies":[{"embeddable":true,"href":"https:\/\/agora.xtec.cat\/iesmontbui\/wp-json\/wp\/v2\/comments?post=10917"}],"version-history":[{"count":2,"href":"https:\/\/agora.xtec.cat\/iesmontbui\/wp-json\/wp\/v2\/posts\/10917\/revisions"}],"predecessor-version":[{"id":10935,"href":"https:\/\/agora.xtec.cat\/iesmontbui\/wp-json\/wp\/v2\/posts\/10917\/revisions\/10935"}],"wp:featuredmedia":[{"embeddable":true,"href":"https:\/\/agora.xtec.cat\/iesmontbui\/wp-json\/wp\/v2\/media\/10934"}],"wp:attachment":[{"href":"https:\/\/agora.xtec.cat\/iesmontbui\/wp-json\/wp\/v2\/media?parent=10917"}],"wp:term":[{"taxonomy":"category","embeddable":true,"href":"https:\/\/agora.xtec.cat\/iesmontbui\/wp-json\/wp\/v2\/categories?post=10917"},{"taxonomy":"post_tag","embeddable":true,"href":"https:\/\/agora.xtec.cat\/iesmontbui\/wp-json\/wp\/v2\/tags?post=10917"}],"curies":[{"name":"wp","href":"https:\/\/api.w.org\/{rel}","templated":true}]}}