{"id":10888,"date":"2025-03-05T10:50:06","date_gmt":"2025-03-05T09:50:06","guid":{"rendered":"https:\/\/agora.xtec.cat\/iesmontbui\/?p=10888"},"modified":"2025-03-05T19:11:39","modified_gmt":"2025-03-05T18:11:39","slug":"la-primaria-truca-a-la-porta-de-la-secundaria","status":"publish","type":"post","link":"https:\/\/agora.xtec.cat\/iesmontbui\/general\/la-primaria-truca-a-la-porta-de-la-secundaria\/","title":{"rendered":"La prim\u00e0ria truca a la porta de la secund\u00e0ria"},"content":{"rendered":"<p>&nbsp;<\/p>\n<p>Com succeeix cada any a aquestes al\u00e7ades del curs, l&#8217;alumnat de sis\u00e8 de les tres escoles de Santa Margarida de Montbui &#8211;<strong>Garcia Lorca, Gaud\u00ed i Montbou<\/strong>-, <span style=\"font-family: inherit; font-size: 1em;\">accedeix a la secund\u00e0ria. Ho fa en format de <strong>Portes obertes<\/strong>, una tarda en qu\u00e8 coneixen ben de prop les instal\u00b7lacions de l&#8217;institut i com treballen els diversos departaments, de la m\u00e0 del professorat i l&#8217;equip directiu. Aix\u00ed doncs, i distribu\u00efts en grups, a<\/span><span style=\"font-family: inherit; font-size: 1em;\">quest dimarts a la tarda els futurs alumnes han conegut &#8216;in situ&#8217; la din\u00e0mica del centre.\u00a0<\/span><\/p>\n<p><strong>Departament de Ci\u00e8ncies\u00a0<\/strong><\/p>\n<p><a href=\"https:\/\/agora.xtec.cat\/iesmontbui\/wp-content\/uploads\/usu145\/2025\/03\/WhatsApp-Image-2025-03-05-at-10.43.05-1-1.jpeg\"><img loading=\"lazy\" decoding=\"async\" class=\"size-medium wp-image-10902 alignleft\" src=\"https:\/\/agora.xtec.cat\/iesmontbui\/wp-content\/uploads\/usu145\/2025\/03\/WhatsApp-Image-2025-03-05-at-10.43.05-1-1-225x300.jpeg\" alt=\"\" width=\"225\" height=\"300\" srcset=\"https:\/\/agora.xtec.cat\/iesmontbui\/wp-content\/uploads\/usu145\/2025\/03\/WhatsApp-Image-2025-03-05-at-10.43.05-1-1-225x300.jpeg 225w, https:\/\/agora.xtec.cat\/iesmontbui\/wp-content\/uploads\/usu145\/2025\/03\/WhatsApp-Image-2025-03-05-at-10.43.05-1-1-768x1024.jpeg 768w, https:\/\/agora.xtec.cat\/iesmontbui\/wp-content\/uploads\/usu145\/2025\/03\/WhatsApp-Image-2025-03-05-at-10.43.05-1-1-1152x1536.jpeg 1152w, https:\/\/agora.xtec.cat\/iesmontbui\/wp-content\/uploads\/usu145\/2025\/03\/WhatsApp-Image-2025-03-05-at-10.43.05-1-1.jpeg 1536w\" sizes=\"auto, (max-width: 225px) 100vw, 225px\" \/><\/a><\/p>\n<p>&nbsp;<\/p>\n<p>Han fet aturada al laboratori de biologia. El professorat de ci\u00e8ncies i un grup de 8 alumnes de les optatives de ci\u00e8ncies de 4t d\u2019ESO han estat els amfitrions i els han explicat quins sabers es treballen en l\u2019etapa obligat\u00f2ria, tot mostrant-los <strong>observacions amb la lupa binocular i el microscopi, maquetes, mostres de roques, minerals i rastres del bosc, i tamb\u00e9 tenien preparades petites demostracions de fen\u00f2mens de la f\u00edsica i la qu\u00edmica.<\/strong> Aix\u00ed, s\u2019han dividit en quatre taules, corresponents a les \u00e0rees de Geologia, Biologia, F\u00edsica i Qu\u00edmica. Se\u2019ls ha explicat que la Biologia i la Geologia es fan a primer i a de tercer d\u2019ESO (mig curs), i la F\u00edsica i Qu\u00edmica, a 2n d\u2019ESO i 3r d\u2019ESO (mig curs), mentre que a quart poden escollir les optatives pertinents de Biologia i Geologia per una banda i F\u00edsica i Qu\u00edmica per una altra.<\/p>\n<p>&nbsp;<\/p>\n<p><strong>Departament d&#8217;Expressi\u00f3\u00a0<\/strong><\/p>\n<p><a href=\"https:\/\/agora.xtec.cat\/iesmontbui\/wp-content\/uploads\/usu145\/2025\/03\/WhatsApp-Image-2025-03-05-at-16.29.52-4.jpeg\"><img loading=\"lazy\" decoding=\"async\" class=\"size-medium wp-image-10920 alignleft\" src=\"https:\/\/agora.xtec.cat\/iesmontbui\/wp-content\/uploads\/usu145\/2025\/03\/WhatsApp-Image-2025-03-05-at-16.29.52-4-300x225.jpeg\" alt=\"\" width=\"300\" height=\"225\" srcset=\"https:\/\/agora.xtec.cat\/iesmontbui\/wp-content\/uploads\/usu145\/2025\/03\/WhatsApp-Image-2025-03-05-at-16.29.52-4-300x225.jpeg 300w, https:\/\/agora.xtec.cat\/iesmontbui\/wp-content\/uploads\/usu145\/2025\/03\/WhatsApp-Image-2025-03-05-at-16.29.52-4-1024x768.jpeg 1024w, https:\/\/agora.xtec.cat\/iesmontbui\/wp-content\/uploads\/usu145\/2025\/03\/WhatsApp-Image-2025-03-05-at-16.29.52-4-768x576.jpeg 768w, https:\/\/agora.xtec.cat\/iesmontbui\/wp-content\/uploads\/usu145\/2025\/03\/WhatsApp-Image-2025-03-05-at-16.29.52-4-1536x1152.jpeg 1536w, https:\/\/agora.xtec.cat\/iesmontbui\/wp-content\/uploads\/usu145\/2025\/03\/WhatsApp-Image-2025-03-05-at-16.29.52-4-200x150.jpeg 200w, https:\/\/agora.xtec.cat\/iesmontbui\/wp-content\/uploads\/usu145\/2025\/03\/WhatsApp-Image-2025-03-05-at-16.29.52-4.jpeg 1600w\" sizes=\"auto, (max-width: 300px) 100vw, 300px\" \/><\/a><\/p>\n<p>&nbsp;<\/p>\n<p>&nbsp;<\/p>\n<p><span style=\"font-weight: 400;\">S&#8217;ha projectat un v\u00eddeo amb mostres dels treballs fets en els diferents \u00e0mbits del Departament. A m\u00e9s, alumnes dels diferents projectes han tocat una can\u00e7\u00f3 i han fet participar als escolars seguint ritmes en una segona can\u00e7\u00f3.<\/span><\/p>\n<p>&nbsp;<\/p>\n<p>&nbsp;<\/p>\n<p><strong>Departament d&#8217;Humanitats\u00a0<\/strong><\/p>\n<p dir=\"ltr\">El professorat els ha exposat treballs d\u2019altres anys (entre els quals, les maquetes de Roma) i se&#8217;ls han mostrat els playm\u00f2bils de la Prehist\u00f2ria. Tamb\u00e9 els han projectat un video sobre momificaci\u00f3 i un booktrailer sobre Marco Polo, entre d&#8217;altres projectes.<\/p>\n<p><strong>Departament de Lleng\u00fces\u00a0<\/strong><\/p>\n<p><a href=\"https:\/\/agora.xtec.cat\/iesmontbui\/wp-content\/uploads\/usu145\/2025\/03\/WhatsApp-Image-2025-03-05-at-16.29.51-1.jpeg\"><img loading=\"lazy\" decoding=\"async\" class=\"size-medium wp-image-10922 alignleft\" src=\"https:\/\/agora.xtec.cat\/iesmontbui\/wp-content\/uploads\/usu145\/2025\/03\/WhatsApp-Image-2025-03-05-at-16.29.51-1-300x225.jpeg\" alt=\"\" width=\"300\" height=\"225\" srcset=\"https:\/\/agora.xtec.cat\/iesmontbui\/wp-content\/uploads\/usu145\/2025\/03\/WhatsApp-Image-2025-03-05-at-16.29.51-1-300x225.jpeg 300w, https:\/\/agora.xtec.cat\/iesmontbui\/wp-content\/uploads\/usu145\/2025\/03\/WhatsApp-Image-2025-03-05-at-16.29.51-1-1024x768.jpeg 1024w, https:\/\/agora.xtec.cat\/iesmontbui\/wp-content\/uploads\/usu145\/2025\/03\/WhatsApp-Image-2025-03-05-at-16.29.51-1-768x576.jpeg 768w, https:\/\/agora.xtec.cat\/iesmontbui\/wp-content\/uploads\/usu145\/2025\/03\/WhatsApp-Image-2025-03-05-at-16.29.51-1-1536x1152.jpeg 1536w, https:\/\/agora.xtec.cat\/iesmontbui\/wp-content\/uploads\/usu145\/2025\/03\/WhatsApp-Image-2025-03-05-at-16.29.51-1-200x150.jpeg 200w, https:\/\/agora.xtec.cat\/iesmontbui\/wp-content\/uploads\/usu145\/2025\/03\/WhatsApp-Image-2025-03-05-at-16.29.51-1.jpeg 1600w\" sizes=\"auto, (max-width: 300px) 100vw, 300px\" \/><\/a><\/p>\n<p>&nbsp;<\/p>\n<p><span style=\"font-weight: 400;\">Des de la Biblioteca, el professorat els ha explicat quins s\u00f3n els llibres de lectura obligat\u00f2ria, concursos i altres activitats (com el teatre o rutes liter\u00e0ries), aix\u00ed com el funcionament de la biblioteca i l&#8217;aula d\u2019acollida. Tanmateix, s&#8217;ha incidit en la Comunicaci\u00f3 del centre, amb l&#8217;explicaci\u00f3 de projectes com el de R\u00e0dio i el de la revista Divertinta, els quals es fan a tercer d&#8217;ESO.\u00a0<\/span><\/p>\n<p>&nbsp;<\/p>\n<p>&nbsp;<\/p>\n<p>&nbsp;<\/p>\n<p><strong>Departament de Lleng\u00fces Estrangeres\u00a0<\/strong><\/p>\n<p><span style=\"font-weight: 400;\">En la visita se&#8217;ls ha explicat el funcionament del departament d\u2019angl\u00e8s. Tamb\u00e9 se&#8217;ls ha presentat la segona llengua estrangera, el franc\u00e8s. D&#8217;altra banda, se&#8217;<\/span><span style=\"font-weight: 400;\">ls ha parlat sobre el<\/span><span style=\"font-weight: 400;\">\u00a0<\/span><span style=\"font-weight: 400;\">Programa Erasmus+ i se&#8217;ls han explicat les sortides de t<\/span><span style=\"font-weight: 400;\">eatre, com les de Sherlock Holmes i Frankenstein. Una altra de les activitats que han conegut \u00e9s la del <\/span><span style=\"font-weight: 400;\">Mag en angl\u00e8s, que ve a primer d&#8217;ESO.<\/span><\/p>\n<p><span style=\"font-weight: 400;\"> <a href=\"https:\/\/agora.xtec.cat\/iesmontbui\/wp-content\/uploads\/usu145\/2025\/03\/WhatsApp-Image-2025-03-05-at-16.29.51-5.jpeg\"><img loading=\"lazy\" decoding=\"async\" class=\"size-medium wp-image-10925 aligncenter\" src=\"https:\/\/agora.xtec.cat\/iesmontbui\/wp-content\/uploads\/usu145\/2025\/03\/WhatsApp-Image-2025-03-05-at-16.29.51-5-225x300.jpeg\" alt=\"\" width=\"225\" height=\"300\" srcset=\"https:\/\/agora.xtec.cat\/iesmontbui\/wp-content\/uploads\/usu145\/2025\/03\/WhatsApp-Image-2025-03-05-at-16.29.51-5-225x300.jpeg 225w, https:\/\/agora.xtec.cat\/iesmontbui\/wp-content\/uploads\/usu145\/2025\/03\/WhatsApp-Image-2025-03-05-at-16.29.51-5-768x1024.jpeg 768w, https:\/\/agora.xtec.cat\/iesmontbui\/wp-content\/uploads\/usu145\/2025\/03\/WhatsApp-Image-2025-03-05-at-16.29.51-5-1152x1536.jpeg 1152w, https:\/\/agora.xtec.cat\/iesmontbui\/wp-content\/uploads\/usu145\/2025\/03\/WhatsApp-Image-2025-03-05-at-16.29.51-5.jpeg 1200w\" sizes=\"auto, (max-width: 225px) 100vw, 225px\" \/><\/a><\/span><\/p>\n<p><strong>Departament de Matem\u00e0tiques\u00a0<\/strong><\/p>\n<p><a href=\"https:\/\/agora.xtec.cat\/iesmontbui\/wp-content\/uploads\/usu145\/2025\/03\/WhatsApp-Image-2025-03-05-at-16.29.51-3.jpeg\"><img loading=\"lazy\" decoding=\"async\" class=\"size-medium wp-image-10927 alignleft\" src=\"https:\/\/agora.xtec.cat\/iesmontbui\/wp-content\/uploads\/usu145\/2025\/03\/WhatsApp-Image-2025-03-05-at-16.29.51-3-225x300.jpeg\" alt=\"\" width=\"225\" height=\"300\" srcset=\"https:\/\/agora.xtec.cat\/iesmontbui\/wp-content\/uploads\/usu145\/2025\/03\/WhatsApp-Image-2025-03-05-at-16.29.51-3-225x300.jpeg 225w, https:\/\/agora.xtec.cat\/iesmontbui\/wp-content\/uploads\/usu145\/2025\/03\/WhatsApp-Image-2025-03-05-at-16.29.51-3-768x1024.jpeg 768w, https:\/\/agora.xtec.cat\/iesmontbui\/wp-content\/uploads\/usu145\/2025\/03\/WhatsApp-Image-2025-03-05-at-16.29.51-3-1152x1536.jpeg 1152w, https:\/\/agora.xtec.cat\/iesmontbui\/wp-content\/uploads\/usu145\/2025\/03\/WhatsApp-Image-2025-03-05-at-16.29.51-3.jpeg 1200w\" sizes=\"auto, (max-width: 225px) 100vw, 225px\" \/><\/a><\/p>\n<p>&nbsp;<\/p>\n<p>Se&#8217;ls ha proposat realitzar quatre activitats: 1<strong>. Animal de papiroflexia I figures geom\u00e8triques. 2. Tangrams i peces de construcci\u00f3. 3. Domini de fraccions, i \u201cpals xinesos\u201d. (material a equips docents) 4. Construcci\u00f3 d\u2019Innovamat (figures planes i volums).<\/strong> Tamb\u00e9 s&#8217;ha incidit en l&#8217;Estad\u00edstica visual, en qu\u00e8 s&#8217;ha demanat als nens i nenes de sis\u00e8 quants germans tenen i en funci\u00f3 dels germans, havien de posar un policub a una ampolla o un altre. Se&#8217;ls ha parlat de Projectes com el d&#8217;Emprenedoria, a tercer d&#8217;ESO).<\/p>\n<p>&nbsp;<\/p>\n<p>&nbsp;<\/p>\n<p>&nbsp;<\/p>\n<p><strong>Departament de Tecnologia\u00a0<\/strong><\/p>\n<p>La visita s&#8217;ha fet al taller de tecnologia. All\u00e0 hi tenien exposats diversos p<strong>rojectes separats per cursos i fets o muntats pels alumnes, tals com maquetes, robots, cotxes d&#8217; ArduinoBlocks.<\/strong> Els han explicat quins tipus de projectes desenvoluparan quan vagin a l&#8217;institut a cada curs. Tamb\u00e9 els han parlat de les diferents optatives que pertanyen al departament com s\u00f3n la Tecnologia, la Digitalitzaci\u00f3 i la Rob\u00f2tica. I els han ensenyat la impressora 3D i les construccions i els robots muntats de la optativa de Lego.<\/p>\n<p>Cal ressaltar tamb\u00e9 la participaci\u00f3 de diversos <strong>alumnes de quart i primer d&#8217;ESO<\/strong> en la jornada, fent d&#8217;amfitrions dels seus futurs companys acompanyant-los durant la visita a les instal\u00b7lacions i en els diversos departaments.<\/p>\n<p>Podeu veure un recull d&#8217;imatges a l&#8217;Instagram i en aquesta carpeta Drive: <a href=\"https:\/\/drive.google.com\/drive\/folders\/18CpoYDQE5D84eu1fcr8aVuutLryt2NPb\">https:\/\/drive.google.com\/drive\/folders\/18CpoYDQE5D84eu1fcr8aVuutLryt2NPb<\/a><\/p>\n","protected":false},"excerpt":{"rendered":"<p>&nbsp;<br \/>\nCom succeeix cada any a aquestes al\u00e7ades del curs, l&#8217;alumnat de sis\u00e8 de les tres escoles de Santa Margarida de Montbui &#8211;Garcia Lorca, Gaud\u00ed i Montbou-, accedeix a la secund\u00e0ria. Ho fa en format de Portes obertes, una tarda en qu\u00e8 coneixen ben de prop&hellip;  <a href=\"https:\/\/agora.xtec.cat\/iesmontbui\/general\/la-primaria-truca-a-la-porta-de-la-secundaria\/\" title=\"Read La prim\u00e0ria truca a la porta de la secund\u00e0ria\">Llegeix m\u00e9s\u00bb<\/a><\/p>\n","protected":false},"author":66,"featured_media":10901,"comment_status":"open","ping_status":"closed","sticky":false,"template":"","format":"standard","meta":{"_bbp_topic_count":0,"_bbp_reply_count":0,"_bbp_total_topic_count":0,"_bbp_total_reply_count":0,"_bbp_voice_count":0,"_bbp_anonymous_reply_count":0,"_bbp_topic_count_hidden":0,"_bbp_reply_count_hidden":0,"_bbp_forum_subforum_count":0,"footnotes":""},"categories":[121,126,123,120,125,124,122,119,64,401,4,1,62,29,1038,324],"tags":[1051,1155,1154,1153,301,1152,582],"class_list":["post-10888","post","type-post","status-publish","format-standard","has-post-thumbnail","hentry","category-depexpressio","category-dephumanitats","category-deporientacio","category-depciencies","category-depllengues","category-depangles","category-deptecno","category-depmates","category-depts","category-erasmus","category-eso-1","category-general","category-orgacentre","category-portada","category-projectes","category-radio","tag-escola-garcia-lorca","tag-escola-gaudi","tag-escola-montbou","tag-jornada-de-portes-obertes-2025","tag-portes-obertes","tag-portes-obertes-alumnat-sise","tag-rebuda-alumnat-escoles"],"post_mailing_queue_ids":[],"_links":{"self":[{"href":"https:\/\/agora.xtec.cat\/iesmontbui\/wp-json\/wp\/v2\/posts\/10888","targetHints":{"allow":["GET"]}}],"collection":[{"href":"https:\/\/agora.xtec.cat\/iesmontbui\/wp-json\/wp\/v2\/posts"}],"about":[{"href":"https:\/\/agora.xtec.cat\/iesmontbui\/wp-json\/wp\/v2\/types\/post"}],"author":[{"embeddable":true,"href":"https:\/\/agora.xtec.cat\/iesmontbui\/wp-json\/wp\/v2\/users\/66"}],"replies":[{"embeddable":true,"href":"https:\/\/agora.xtec.cat\/iesmontbui\/wp-json\/wp\/v2\/comments?post=10888"}],"version-history":[{"count":6,"href":"https:\/\/agora.xtec.cat\/iesmontbui\/wp-json\/wp\/v2\/posts\/10888\/revisions"}],"predecessor-version":[{"id":10932,"href":"https:\/\/agora.xtec.cat\/iesmontbui\/wp-json\/wp\/v2\/posts\/10888\/revisions\/10932"}],"wp:featuredmedia":[{"embeddable":true,"href":"https:\/\/agora.xtec.cat\/iesmontbui\/wp-json\/wp\/v2\/media\/10901"}],"wp:attachment":[{"href":"https:\/\/agora.xtec.cat\/iesmontbui\/wp-json\/wp\/v2\/media?parent=10888"}],"wp:term":[{"taxonomy":"category","embeddable":true,"href":"https:\/\/agora.xtec.cat\/iesmontbui\/wp-json\/wp\/v2\/categories?post=10888"},{"taxonomy":"post_tag","embeddable":true,"href":"https:\/\/agora.xtec.cat\/iesmontbui\/wp-json\/wp\/v2\/tags?post=10888"}],"curies":[{"name":"wp","href":"https:\/\/api.w.org\/{rel}","templated":true}]}}