{"id":10820,"date":"2025-02-25T10:00:01","date_gmt":"2025-02-25T09:00:01","guid":{"rendered":"https:\/\/agora.xtec.cat\/iesmontbui\/?p=10820"},"modified":"2025-02-25T18:54:46","modified_gmt":"2025-02-25T17:54:46","slug":"una-compostadora-al-pati","status":"publish","type":"post","link":"https:\/\/agora.xtec.cat\/iesmontbui\/eso\/eso-4\/una-compostadora-al-pati\/","title":{"rendered":"Una compostadora al pati!"},"content":{"rendered":"<p><a href=\"https:\/\/agora.xtec.cat\/iesmontbui\/wp-content\/uploads\/usu145\/2025\/02\/1740053830635-scaled.jpg\"><img loading=\"lazy\" decoding=\"async\" class=\"alignright size-medium wp-image-10821\" src=\"https:\/\/agora.xtec.cat\/iesmontbui\/wp-content\/uploads\/usu145\/2025\/02\/1740053830635-300x138.jpg\" alt=\"\" width=\"300\" height=\"138\" srcset=\"https:\/\/agora.xtec.cat\/iesmontbui\/wp-content\/uploads\/usu145\/2025\/02\/1740053830635-300x138.jpg 300w, https:\/\/agora.xtec.cat\/iesmontbui\/wp-content\/uploads\/usu145\/2025\/02\/1740053830635-1024x472.jpg 1024w, https:\/\/agora.xtec.cat\/iesmontbui\/wp-content\/uploads\/usu145\/2025\/02\/1740053830635-768x354.jpg 768w, https:\/\/agora.xtec.cat\/iesmontbui\/wp-content\/uploads\/usu145\/2025\/02\/1740053830635-1536x708.jpg 1536w, https:\/\/agora.xtec.cat\/iesmontbui\/wp-content\/uploads\/usu145\/2025\/02\/1740053830635-2048x944.jpg 2048w\" sizes=\"auto, (max-width: 300px) 100vw, 300px\" \/><\/a><\/p>\n<p>L&#8217;institut disposa, des de fa uns dies, d&#8217;una compostadora per tal de <strong>recollir directament la fracci\u00f3 org\u00e0nica<\/strong> (restes de fruita i entrepans), sense necessitat de posar contenidors. Des dels projectes de l&#8217;hort (primer i segon d&#8217;ESO) s&#8217;encarregaran de fer el manteniment, procurant que les restes estiguin airejades -hi ha un tirabuix\u00f3-, alternant les restes de menjar amb restes de fullaraca i herbes. &#8220;Trobem que tenir-la al pati de sorra i sota un til\u00b7ler \u00e9s ideal perqu\u00e8 compleix totes les condicions&#8221;, explica la professora Merc\u00e8 Carta\u00f1\u00e0.<\/p>\n<p>Es tracta d&#8217;una<strong> prova pilot<\/strong> adre\u00e7ada tant a l&#8217;alumnat com al professorat i impulsada des de l&#8217;Escola Verda. La iniciativa ha sorgit a partir de les indicacions d&#8217;un curs on-line sobre compostatge a l&#8217;escola. A tal efecte, <strong>els voluntaris de quart d&#8217;ESO l&#8217;han decorat i pintat amb dibuixos de fruites dissenyats per la professora N\u00faria Mart\u00ed.\u00a0<\/strong><\/p>\n<p><strong>Des de l&#8217;Escola Verda fan una crida a la comunitat educativa a respectar-ho i a dipositar les restes correctament,<\/strong> &#8220;\u00e9s a dir, que dins de la compostadora no s&#8217;hi pot dipositar cap deixalla que no sigui org\u00e0nica. El proc\u00e9s de compostatge dura uns mesos i un cop acabat, el material generat \u00e9s un bon adob pel nostre hort. Aix\u00ed es tanca el cicle de la mat\u00e8ria i col\u00b7laborem a la sostenibilitat del planeta&#8221;, conclouen.<\/p>\n<p>Podeu veure un recull d&#8217;imatges a l&#8217;Instagram.<\/p>\n","protected":false},"excerpt":{"rendered":"<p><a href=\"https:\/\/agora.xtec.cat\/iesmontbui\/wp-content\/uploads\/usu145\/2025\/02\/1740053830635-scaled.jpg\"><\/a><br \/>\nL&#8217;institut disposa, des de fa uns dies, d&#8217;una compostadora per tal de recollir directament la fracci\u00f3 org\u00e0nica (restes de fruita i entrepans), sense necessitat de posar contenidors. Des dels projectes de l&#8217;hort (primer i segon d&#8217;ESO) s&#8217;encarregaran de fer el manteniment, procurant que les&hellip;  <a href=\"https:\/\/agora.xtec.cat\/iesmontbui\/eso\/eso-4\/una-compostadora-al-pati\/\" title=\"Read Una compostadora al pati!\">Llegeix m\u00e9s\u00bb<\/a><\/p>\n","protected":false},"author":66,"featured_media":10821,"comment_status":"open","ping_status":"closed","sticky":false,"template":"","format":"standard","meta":{"_bbp_topic_count":0,"_bbp_reply_count":0,"_bbp_total_topic_count":0,"_bbp_total_reply_count":0,"_bbp_voice_count":0,"_bbp_anonymous_reply_count":0,"_bbp_topic_count_hidden":0,"_bbp_reply_count_hidden":0,"_bbp_forum_subforum_count":0,"footnotes":""},"categories":[120,7,62,29,1038],"tags":[1134,1136,56,560,1135,1000,651,787],"class_list":["post-10820","post","type-post","status-publish","format-standard","has-post-thumbnail","hentry","category-depciencies","category-eso-4","category-orgacentre","category-portada","category-projectes","tag-compostadora","tag-compostatge","tag-escola-verda","tag-merce-cartana","tag-nova-compostadora","tag-nuria-marti","tag-optativa-hort","tag-projecte-hort"],"post_mailing_queue_ids":[],"_links":{"self":[{"href":"https:\/\/agora.xtec.cat\/iesmontbui\/wp-json\/wp\/v2\/posts\/10820","targetHints":{"allow":["GET"]}}],"collection":[{"href":"https:\/\/agora.xtec.cat\/iesmontbui\/wp-json\/wp\/v2\/posts"}],"about":[{"href":"https:\/\/agora.xtec.cat\/iesmontbui\/wp-json\/wp\/v2\/types\/post"}],"author":[{"embeddable":true,"href":"https:\/\/agora.xtec.cat\/iesmontbui\/wp-json\/wp\/v2\/users\/66"}],"replies":[{"embeddable":true,"href":"https:\/\/agora.xtec.cat\/iesmontbui\/wp-json\/wp\/v2\/comments?post=10820"}],"version-history":[{"count":2,"href":"https:\/\/agora.xtec.cat\/iesmontbui\/wp-json\/wp\/v2\/posts\/10820\/revisions"}],"predecessor-version":[{"id":10830,"href":"https:\/\/agora.xtec.cat\/iesmontbui\/wp-json\/wp\/v2\/posts\/10820\/revisions\/10830"}],"wp:featuredmedia":[{"embeddable":true,"href":"https:\/\/agora.xtec.cat\/iesmontbui\/wp-json\/wp\/v2\/media\/10821"}],"wp:attachment":[{"href":"https:\/\/agora.xtec.cat\/iesmontbui\/wp-json\/wp\/v2\/media?parent=10820"}],"wp:term":[{"taxonomy":"category","embeddable":true,"href":"https:\/\/agora.xtec.cat\/iesmontbui\/wp-json\/wp\/v2\/categories?post=10820"},{"taxonomy":"post_tag","embeddable":true,"href":"https:\/\/agora.xtec.cat\/iesmontbui\/wp-json\/wp\/v2\/tags?post=10820"}],"curies":[{"name":"wp","href":"https:\/\/api.w.org\/{rel}","templated":true}]}}