{"id":10807,"date":"2025-02-21T15:43:14","date_gmt":"2025-02-21T14:43:14","guid":{"rendered":"https:\/\/agora.xtec.cat\/iesmontbui\/?p=10807"},"modified":"2025-02-21T15:43:14","modified_gmt":"2025-02-21T14:43:14","slug":"el-rap-de-cada-dia","status":"publish","type":"post","link":"https:\/\/agora.xtec.cat\/iesmontbui\/eso\/eso-2\/el-rap-de-cada-dia\/","title":{"rendered":"El rap de cada dia"},"content":{"rendered":"<p><a href=\"https:\/\/agora.xtec.cat\/iesmontbui\/wp-content\/uploads\/usu145\/2025\/02\/2nD-1.jpg\"><img loading=\"lazy\" decoding=\"async\" class=\"alignright size-medium wp-image-10808\" src=\"https:\/\/agora.xtec.cat\/iesmontbui\/wp-content\/uploads\/usu145\/2025\/02\/2nD-1-300x169.jpg\" alt=\"\" width=\"300\" height=\"169\" srcset=\"https:\/\/agora.xtec.cat\/iesmontbui\/wp-content\/uploads\/usu145\/2025\/02\/2nD-1-300x169.jpg 300w, https:\/\/agora.xtec.cat\/iesmontbui\/wp-content\/uploads\/usu145\/2025\/02\/2nD-1-1024x578.jpg 1024w, https:\/\/agora.xtec.cat\/iesmontbui\/wp-content\/uploads\/usu145\/2025\/02\/2nD-1-768x434.jpg 768w, https:\/\/agora.xtec.cat\/iesmontbui\/wp-content\/uploads\/usu145\/2025\/02\/2nD-1-1536x868.jpg 1536w, https:\/\/agora.xtec.cat\/iesmontbui\/wp-content\/uploads\/usu145\/2025\/02\/2nD-1.jpg 1912w\" sizes=\"auto, (max-width: 300px) 100vw, 300px\" \/><\/a><\/p>\n<p>Durant aquest mes de febrer s&#8217;ha dut a terme un taller de rap a segon d&#8217;ESO impartit per l&#8217;Andreu, component del grup de rap igualad\u00ed <strong>El pa de cada dia.<\/strong><\/p>\n<p>Aquesta activitat est\u00e0 vinculada a la mat\u00e8ria de<strong> llengua catalana<\/strong>, concretament a <strong>la poesia i les seves caracter\u00edstiques,<\/strong> ja que mitjan\u00e7ant el taller l&#8217;alumnat ha pogut practicar la m\u00e8trica i la rima.<\/p>\n<p>S&#8217;inicia el taller amb la contextualitzaci\u00f3 del g\u00e8nere musical i els seus or\u00edgens i es posen en pr\u00e0ctica els continguts de la mat\u00e8ria a trav\u00e9s dels <strong>garrotins,<\/strong> que s\u00f3n composicions breus i improvisades pr\u00f2pies de la cultura popular.<\/p>\n<p>La recta final de l&#8217;activitat consisteix a cercar temes comuns que preocupen a l&#8217;alumnat per tal de<strong> compondre una can\u00e7\u00f3 col\u00b7laborativa,<\/strong> que es canta al final del taller acompanyats d&#8217;alguna base &#8220;free use&#8221; elegida pel mateix alumnat. Els temes m\u00e9s comuns d&#8217;aquests temes solen ser les desigualtats socials.<\/p>\n<p>Podeu veure un recull d&#8217;imatges del taller de rap a l&#8217;Instagram de l&#8217;institut.<\/p>\n","protected":false},"excerpt":{"rendered":"<p><a href=\"https:\/\/agora.xtec.cat\/iesmontbui\/wp-content\/uploads\/usu145\/2025\/02\/2nD-1.jpg\"><\/a><br \/>\nDurant aquest mes de febrer s&#8217;ha dut a terme un taller de rap a segon d&#8217;ESO impartit per l&#8217;Andreu, component del grup de rap igualad\u00ed El pa de cada dia.<br \/>\nAquesta activitat est\u00e0 vinculada a la mat\u00e8ria de llengua catalana, concretament a la poesia i&hellip;  <a href=\"https:\/\/agora.xtec.cat\/iesmontbui\/eso\/eso-2\/el-rap-de-cada-dia\/\" title=\"Read El rap de cada dia\">Llegeix m\u00e9s\u00bb<\/a><\/p>\n","protected":false},"author":66,"featured_media":10808,"comment_status":"open","ping_status":"closed","sticky":false,"template":"","format":"standard","meta":{"_bbp_topic_count":0,"_bbp_reply_count":0,"_bbp_total_topic_count":0,"_bbp_total_reply_count":0,"_bbp_voice_count":0,"_bbp_anonymous_reply_count":0,"_bbp_topic_count_hidden":0,"_bbp_reply_count_hidden":0,"_bbp_forum_subforum_count":0,"footnotes":""},"categories":[5,62,29],"tags":[586,589,1132,1133],"class_list":["post-10807","post","type-post","status-publish","format-standard","has-post-thumbnail","hentry","category-eso-2","category-orgacentre","category-portada","tag-el-pa-de-cada-dia","tag-llengua-catalana-i-literatura","tag-taller-rap","tag-taller-rap-2n-deso"],"post_mailing_queue_ids":[],"_links":{"self":[{"href":"https:\/\/agora.xtec.cat\/iesmontbui\/wp-json\/wp\/v2\/posts\/10807","targetHints":{"allow":["GET"]}}],"collection":[{"href":"https:\/\/agora.xtec.cat\/iesmontbui\/wp-json\/wp\/v2\/posts"}],"about":[{"href":"https:\/\/agora.xtec.cat\/iesmontbui\/wp-json\/wp\/v2\/types\/post"}],"author":[{"embeddable":true,"href":"https:\/\/agora.xtec.cat\/iesmontbui\/wp-json\/wp\/v2\/users\/66"}],"replies":[{"embeddable":true,"href":"https:\/\/agora.xtec.cat\/iesmontbui\/wp-json\/wp\/v2\/comments?post=10807"}],"version-history":[{"count":2,"href":"https:\/\/agora.xtec.cat\/iesmontbui\/wp-json\/wp\/v2\/posts\/10807\/revisions"}],"predecessor-version":[{"id":10810,"href":"https:\/\/agora.xtec.cat\/iesmontbui\/wp-json\/wp\/v2\/posts\/10807\/revisions\/10810"}],"wp:featuredmedia":[{"embeddable":true,"href":"https:\/\/agora.xtec.cat\/iesmontbui\/wp-json\/wp\/v2\/media\/10808"}],"wp:attachment":[{"href":"https:\/\/agora.xtec.cat\/iesmontbui\/wp-json\/wp\/v2\/media?parent=10807"}],"wp:term":[{"taxonomy":"category","embeddable":true,"href":"https:\/\/agora.xtec.cat\/iesmontbui\/wp-json\/wp\/v2\/categories?post=10807"},{"taxonomy":"post_tag","embeddable":true,"href":"https:\/\/agora.xtec.cat\/iesmontbui\/wp-json\/wp\/v2\/tags?post=10807"}],"curies":[{"name":"wp","href":"https:\/\/api.w.org\/{rel}","templated":true}]}}