{"id":10803,"date":"2025-02-21T15:20:14","date_gmt":"2025-02-21T14:20:14","guid":{"rendered":"https:\/\/agora.xtec.cat\/iesmontbui\/?p=10803"},"modified":"2025-02-21T16:05:55","modified_gmt":"2025-02-21T15:05:55","slug":"la-veu-que-es-llegeix-projecte-comunicacio-3r-deso","status":"publish","type":"post","link":"https:\/\/agora.xtec.cat\/iesmontbui\/eso\/eso-3\/la-veu-que-es-llegeix-projecte-comunicacio-3r-deso\/","title":{"rendered":"La Veu que es llegeix (Projecte Comunicaci\u00f3, 3r d&#8217;ESO)"},"content":{"rendered":"<p><a href=\"https:\/\/agora.xtec.cat\/iesmontbui\/wp-content\/uploads\/usu145\/2025\/02\/1739610903137-1-scaled-e1740147565242.jpg\"><img loading=\"lazy\" decoding=\"async\" class=\"alignright size-medium wp-image-10804\" src=\"https:\/\/agora.xtec.cat\/iesmontbui\/wp-content\/uploads\/usu145\/2025\/02\/1739610903137-1-scaled-e1740147565242-300x152.jpg\" alt=\"\" width=\"300\" height=\"152\" srcset=\"https:\/\/agora.xtec.cat\/iesmontbui\/wp-content\/uploads\/usu145\/2025\/02\/1739610903137-1-scaled-e1740147565242-300x152.jpg 300w, https:\/\/agora.xtec.cat\/iesmontbui\/wp-content\/uploads\/usu145\/2025\/02\/1739610903137-1-scaled-e1740147565242-1024x519.jpg 1024w, https:\/\/agora.xtec.cat\/iesmontbui\/wp-content\/uploads\/usu145\/2025\/02\/1739610903137-1-scaled-e1740147565242-768x389.jpg 768w, https:\/\/agora.xtec.cat\/iesmontbui\/wp-content\/uploads\/usu145\/2025\/02\/1739610903137-1-scaled-e1740147565242-1536x778.jpg 1536w, https:\/\/agora.xtec.cat\/iesmontbui\/wp-content\/uploads\/usu145\/2025\/02\/1739610903137-1-scaled-e1740147565242-2048x1038.jpg 2048w\" sizes=\"auto, (max-width: 300px) 100vw, 300px\" \/><\/a><\/p>\n<p>El divendres passat, 14 de febrer, l&#8217;alumnat del projecte de l\u2019<strong>optativa de R\u00e0dio i comunicaci\u00f3 de tercer d\u2019ESO<\/strong> va visitar <strong>La veu de l&#8217;Anoia<\/strong>. La sortida tenia com a objectiu con\u00e8ixer el peri\u00f2dic m\u00e9s important i antic de la comarca. Durant la visita, la guia -la Maricel-, va explicar als alumnes, a trav\u00e9s d\u2019una presentaci\u00f3, els mitjans que hi havia a la comarca i com funciona la comunicaci\u00f3 a les xarxes socials.<\/p>\n<p><strong>L&#8217;alumnat va poder visitar la redacci\u00f3 d&#8217;aquesta publicaci\u00f3 setmanal.<\/strong> I va quedar sorpr\u00e8s per diversos aspectes. &#8220;El que m\u00e9s ens va impressionar va ser la not\u00edcia del n\u00favol t\u00f2xic a Igualada fa 10 anys&#8221;, expliquen alguns dels participants. A m\u00e9s, &#8220;ens van donar un diari a cadascun; estava molt b\u00e9 ben fet ja que hi ha especialistes en cada aspecte del diari (Esports, M\u00fasica\u2026).<\/p>\n<p>Els participants tamb\u00e9 relaten que en la visita &#8220;tamb\u00e9 ens van explicar com es feia el diari i com s&#8217;organitzaven i ens van dir que en els armaris hi ha recopilats tots els exemplars&#8221;. La visita va finalitzar amb una foto de grup que acompanya la noticia.<\/p>\n<p>M\u00e9s imatges, a l&#8217;Instagram del centre.<\/p>\n","protected":false},"excerpt":{"rendered":"<p><a href=\"https:\/\/agora.xtec.cat\/iesmontbui\/wp-content\/uploads\/usu145\/2025\/02\/1739610903137-1-scaled-e1740147565242.jpg\"><\/a><br \/>\nEl divendres passat, 14 de febrer, l&#8217;alumnat del projecte de l\u2019optativa de R\u00e0dio i comunicaci\u00f3 de tercer d\u2019ESO va visitar La veu de l&#8217;Anoia. La sortida tenia com a objectiu con\u00e8ixer el peri\u00f2dic m\u00e9s important i antic de la comarca. Durant la visita, la&hellip;  <a href=\"https:\/\/agora.xtec.cat\/iesmontbui\/eso\/eso-3\/la-veu-que-es-llegeix-projecte-comunicacio-3r-deso\/\" title=\"Read La Veu que es llegeix (Projecte Comunicaci\u00f3, 3r d&#8217;ESO)\">Llegeix m\u00e9s\u00bb<\/a><\/p>\n","protected":false},"author":66,"featured_media":10804,"comment_status":"open","ping_status":"closed","sticky":false,"template":"","format":"standard","meta":{"_bbp_topic_count":0,"_bbp_reply_count":0,"_bbp_total_topic_count":0,"_bbp_total_reply_count":0,"_bbp_voice_count":0,"_bbp_anonymous_reply_count":0,"_bbp_topic_count_hidden":0,"_bbp_reply_count_hidden":0,"_bbp_forum_subforum_count":0,"footnotes":""},"categories":[6,29,1038],"tags":[481,1131,1082,1130],"class_list":["post-10803","post","type-post","status-publish","format-standard","has-post-thumbnail","hentry","category-eso-3","category-portada","category-projectes","tag-la-veu-de-lanoia","tag-projecte-comunicacio-radio-segon-trimestre","tag-projecte-comunicacio-segon-trimestre","tag-visita-la-veu-de-lanoia"],"post_mailing_queue_ids":[],"_links":{"self":[{"href":"https:\/\/agora.xtec.cat\/iesmontbui\/wp-json\/wp\/v2\/posts\/10803","targetHints":{"allow":["GET"]}}],"collection":[{"href":"https:\/\/agora.xtec.cat\/iesmontbui\/wp-json\/wp\/v2\/posts"}],"about":[{"href":"https:\/\/agora.xtec.cat\/iesmontbui\/wp-json\/wp\/v2\/types\/post"}],"author":[{"embeddable":true,"href":"https:\/\/agora.xtec.cat\/iesmontbui\/wp-json\/wp\/v2\/users\/66"}],"replies":[{"embeddable":true,"href":"https:\/\/agora.xtec.cat\/iesmontbui\/wp-json\/wp\/v2\/comments?post=10803"}],"version-history":[{"count":3,"href":"https:\/\/agora.xtec.cat\/iesmontbui\/wp-json\/wp\/v2\/posts\/10803\/revisions"}],"predecessor-version":[{"id":10811,"href":"https:\/\/agora.xtec.cat\/iesmontbui\/wp-json\/wp\/v2\/posts\/10803\/revisions\/10811"}],"wp:featuredmedia":[{"embeddable":true,"href":"https:\/\/agora.xtec.cat\/iesmontbui\/wp-json\/wp\/v2\/media\/10804"}],"wp:attachment":[{"href":"https:\/\/agora.xtec.cat\/iesmontbui\/wp-json\/wp\/v2\/media?parent=10803"}],"wp:term":[{"taxonomy":"category","embeddable":true,"href":"https:\/\/agora.xtec.cat\/iesmontbui\/wp-json\/wp\/v2\/categories?post=10803"},{"taxonomy":"post_tag","embeddable":true,"href":"https:\/\/agora.xtec.cat\/iesmontbui\/wp-json\/wp\/v2\/tags?post=10803"}],"curies":[{"name":"wp","href":"https:\/\/api.w.org\/{rel}","templated":true}]}}