{"id":10792,"date":"2025-02-20T17:20:52","date_gmt":"2025-02-20T16:20:52","guid":{"rendered":"https:\/\/agora.xtec.cat\/iesmontbui\/?p=10792"},"modified":"2025-02-20T17:23:57","modified_gmt":"2025-02-20T16:23:57","slug":"taller-de-robotica-05-03","status":"publish","type":"post","link":"https:\/\/agora.xtec.cat\/iesmontbui\/eso\/eso-4\/taller-de-robotica-05-03\/","title":{"rendered":"Taller de Rob\u00f2tica (4t ESO, 05\/03)"},"content":{"rendered":"<p><a href=\"https:\/\/agora.xtec.cat\/iesmontbui\/wp-content\/uploads\/usu145\/2025\/02\/techlab.jpeg\"><img loading=\"lazy\" decoding=\"async\" class=\"size-medium wp-image-10793 aligncenter\" src=\"https:\/\/agora.xtec.cat\/iesmontbui\/wp-content\/uploads\/usu145\/2025\/02\/techlab-300x225.jpeg\" alt=\"\" width=\"300\" height=\"225\" srcset=\"https:\/\/agora.xtec.cat\/iesmontbui\/wp-content\/uploads\/usu145\/2025\/02\/techlab-300x225.jpeg 300w, https:\/\/agora.xtec.cat\/iesmontbui\/wp-content\/uploads\/usu145\/2025\/02\/techlab-200x150.jpeg 200w, https:\/\/agora.xtec.cat\/iesmontbui\/wp-content\/uploads\/usu145\/2025\/02\/techlab.jpeg 700w\" sizes=\"auto, (max-width: 300px) 100vw, 300px\" \/><\/a><\/p>\n<p>El proper<strong> dimecres 5 de mar\u00e7<\/strong> tindr\u00e0 lloc una sortida al <a href=\"https:\/\/epsem.upc.edu\/ca\/escola\/techlab_manresa\/activitats-techlab\"><strong>Techlab de la UPC de Manresa<\/strong><\/a> amb l&#8217;alumnat de <strong>quart d&#8217;ESO<\/strong> que cursa les optatives de<strong> Digitalitzaci\u00f3 i Tecnologia.\u00a0<\/strong>Se sortir\u00e0 de l\u2019institut a les 8h del mat\u00ed i es tornar\u00e0 aproximadament a les 14 hores.<\/p>\n<p><strong>Programa de l\u2019activitat:<\/strong><\/p>\n<p>\u25cf Sortida de l\u2019institut a les 8 hores<br \/>\n\u25cf Esmorzar a l\u2019arribar a Manresa<br \/>\n\u25cf Taller de rob\u00f2tica de 9 a 13 hores<br \/>\n\u25cf Arribada a l\u2019institut al voltant de les 14 hores<\/p>\n<p><strong>MATERIAL:<\/strong><\/p>\n<p>Cal que porteu esmorzar.<\/p>\n<p>El preu de la sortida \u00e9s de 18,20\u20ac\/alumne. (No s\u2019accepten pagaments en efectiu). El concepte per fer el pagament \u00e9s: \u201d SORTIDA TECHLAB 4t\u201d i la data m\u00e0xima per fer-lo \u00e9s el dijous 27 de febrer, a trav\u00e9s d&#8217;aquesta p\u00e0gina del del web de l&#8217;institut: <a href=\"https:\/\/www16.atutoria.com\/tpvol\/imtbui\/\">https:\/\/www16.atutoria.com\/tpvol\/imtbui\/<\/a><\/p>\n<p>&nbsp;<\/p>\n","protected":false},"excerpt":{"rendered":"<p><a href=\"https:\/\/agora.xtec.cat\/iesmontbui\/wp-content\/uploads\/usu145\/2025\/02\/techlab.jpeg\"><\/a><br \/>\nEl proper dimecres 5 de mar\u00e7 tindr\u00e0 lloc una sortida al <a href=\"https:\/\/epsem.upc.edu\/ca\/escola\/techlab_manresa\/activitats-techlab\">Techlab de la UPC de Manresa<\/a> amb l&#8217;alumnat de quart d&#8217;ESO que cursa les optatives de Digitalitzaci\u00f3 i Tecnologia.\u00a0Se sortir\u00e0 de l\u2019institut a les 8h del mat\u00ed i es tornar\u00e0 aproximadament a&hellip;  <a href=\"https:\/\/agora.xtec.cat\/iesmontbui\/eso\/eso-4\/taller-de-robotica-05-03\/\" title=\"Read Taller de Rob\u00f2tica (4t ESO, 05\/03)\">Llegeix m\u00e9s\u00bb<\/a><\/p>\n","protected":false},"author":66,"featured_media":10793,"comment_status":"open","ping_status":"closed","sticky":false,"template":"","format":"standard","meta":{"_bbp_topic_count":0,"_bbp_reply_count":0,"_bbp_total_topic_count":0,"_bbp_total_reply_count":0,"_bbp_voice_count":0,"_bbp_anonymous_reply_count":0,"_bbp_topic_count_hidden":0,"_bbp_reply_count_hidden":0,"_bbp_forum_subforum_count":0,"footnotes":""},"categories":[7,63,29],"tags":[1005,248,526,1125,136,1124],"class_list":["post-10792","post","type-post","status-publish","format-standard","has-post-thumbnail","hentry","category-eso-4","category-organscentre","category-portada","tag-digitalitzacio","tag-manresa","tag-sortida-robotica","tag-techlab","tag-tecnologia","tag-upc"],"post_mailing_queue_ids":[],"_links":{"self":[{"href":"https:\/\/agora.xtec.cat\/iesmontbui\/wp-json\/wp\/v2\/posts\/10792","targetHints":{"allow":["GET"]}}],"collection":[{"href":"https:\/\/agora.xtec.cat\/iesmontbui\/wp-json\/wp\/v2\/posts"}],"about":[{"href":"https:\/\/agora.xtec.cat\/iesmontbui\/wp-json\/wp\/v2\/types\/post"}],"author":[{"embeddable":true,"href":"https:\/\/agora.xtec.cat\/iesmontbui\/wp-json\/wp\/v2\/users\/66"}],"replies":[{"embeddable":true,"href":"https:\/\/agora.xtec.cat\/iesmontbui\/wp-json\/wp\/v2\/comments?post=10792"}],"version-history":[{"count":4,"href":"https:\/\/agora.xtec.cat\/iesmontbui\/wp-json\/wp\/v2\/posts\/10792\/revisions"}],"predecessor-version":[{"id":10797,"href":"https:\/\/agora.xtec.cat\/iesmontbui\/wp-json\/wp\/v2\/posts\/10792\/revisions\/10797"}],"wp:featuredmedia":[{"embeddable":true,"href":"https:\/\/agora.xtec.cat\/iesmontbui\/wp-json\/wp\/v2\/media\/10793"}],"wp:attachment":[{"href":"https:\/\/agora.xtec.cat\/iesmontbui\/wp-json\/wp\/v2\/media?parent=10792"}],"wp:term":[{"taxonomy":"category","embeddable":true,"href":"https:\/\/agora.xtec.cat\/iesmontbui\/wp-json\/wp\/v2\/categories?post=10792"},{"taxonomy":"post_tag","embeddable":true,"href":"https:\/\/agora.xtec.cat\/iesmontbui\/wp-json\/wp\/v2\/tags?post=10792"}],"curies":[{"name":"wp","href":"https:\/\/api.w.org\/{rel}","templated":true}]}}