{"id":10734,"date":"2025-02-12T13:57:10","date_gmt":"2025-02-12T12:57:10","guid":{"rendered":"https:\/\/agora.xtec.cat\/iesmontbui\/?p=10734"},"modified":"2025-02-16T19:52:12","modified_gmt":"2025-02-16T18:52:12","slug":"erasmus-la-connexio-svolvaer-montbui","status":"publish","type":"post","link":"https:\/\/agora.xtec.cat\/iesmontbui\/eso\/eso-4\/erasmus-la-connexio-svolvaer-montbui\/","title":{"rendered":"Erasmus+: La connexi\u00f3 Svolv\u00e6r-Montbui"},"content":{"rendered":"<p>Ja s\u00f3n aqu\u00ed! Despr\u00e9s de molts nervis, dilluns passat, 10 de febrer, van arribar els estudiants del centre Aust-Lofoten videreg\u00e5ende skole, de <strong style=\"font-family: inherit; font-size: 1em;\"><span class=\"x7l2uk3 xt0e3qv\">Svolv\u00e6r <\/span><span class=\"x7l2uk3 xt0e3qv\">(<\/span><span class=\"x7l2uk3 xt0e3qv\">Noruega<\/span>), <\/strong><span style=\"font-family: inherit; font-size: 1em;\">per participar en un <\/span><strong style=\"font-family: inherit; font-size: 1em;\"><span class=\"x7l2uk3 xt0e3qv\">Erasmus<\/span>+<\/strong><span style=\"font-family: inherit; font-size: 1em;\"> amb alguns alumnes de<\/span><strong style=\"font-family: inherit; font-size: 1em;\"> 4t d\u2019ESO.<\/strong><span style=\"font-family: inherit; font-size: 1em;\"> Alumnat i professorat de l&#8217;INS Montbui els van donar la benvinguda a l\u2019aeroport i despr\u00e9s van dur a terme un parell de jocs de coneixen\u00e7a, abans d&#8217;anar cap a casa.<\/span><\/p>\n<p><strong>Dimarts, 11 de febrer<\/strong><\/p>\n<p>Com expliquen els professors responsables de l&#8217;Erasmus+, &#8220;el dia va comen\u00e7ar amb presentacions sobre cultura, geografia i gastronomia catalana. Despr\u00e9s, l&#8217;alumnat va assistir a les classes de l&#8217;institut. Abans de marxar, van esmorzar coca de forner i Cacaolat. Amb la panxa plena i l\u2019energia carregada, van empendre cam\u00ed fins a dalt de la <strong>Tossa de Montbui&#8221;.\u00a0<\/strong><\/p>\n<p><strong>Dimecres, 12 de febrer<\/strong><\/p>\n<p>&#8220;Van visitar la vila de Capellades. All\u00e0 van aprendre sobre la vida neardental i van visitar el <strong>Museu Mol\u00ed Paperer.<\/strong> Inmersos en la vida paperera, van tenir l\u2019oportunitat de fer un full de paper artes\u00e0. A la tarda, es van trobar tots per fer el t<strong>aller dels Moixiganguers d\u2019Igualada<\/strong>&#8220;, detallen els docents.<\/p>\n<p><strong>Dijous, 13 de febrer<\/strong><\/p>\n<p>Entre les activitats del dia, els tutors de quart d&#8217;ESO han plantejat, tant a l&#8217;alumnat de l&#8217;INS Montbui com als estudiants noruecs, <strong>un Kahoot de 46 preguntes sobre cultura, literatura, art, geografia i hist\u00f2ria sobre Noruega i Espanya.<\/strong><\/p>\n<p>Tamb\u00e9 van poder gaudir del sol Mediterrani a Sitges. All\u00e0 van visitar el Cau Ferrat i el Palau Maricel. Tamb\u00e9 van tenir una estona per passejar vora el mar.<\/p>\n<p><strong>Divendres, 14 de febrer\u00a0<\/strong><\/p>\n<p>La setmana de l\u2019Erasmus+ va cloure amb una <strong>visita a Montserrat i<\/strong> tots els racons del monestir. I el final de festa: una <strong>cal\u00e7otada:<\/strong> aix\u00ed, els alumnes noruecs van gaudir d\u2019una tradici\u00f3 catalana. I cantant i ballant, va ser el moment d&#8217;acomiadar-se. Ben aviat, la retrobada a Svolv\u00e6r!<\/p>\n<p>Podeu veure un recull d&#8217;imatges de cada jornada als diversos posts publicats a l&#8217;Instagram del centre.<\/p>\n","protected":false},"excerpt":{"rendered":"<p>Ja s\u00f3n aqu\u00ed! Despr\u00e9s de molts nervis, dilluns passat, 10 de febrer, van arribar els estudiants del centre Aust-Lofoten videreg\u00e5ende skole, de Svolv\u00e6r (Noruega), per participar en un Erasmus+ amb alguns alumnes de 4t d\u2019ESO. Alumnat i professorat de l&#8217;INS Montbui els van donar la&hellip;  <a href=\"https:\/\/agora.xtec.cat\/iesmontbui\/eso\/eso-4\/erasmus-la-connexio-svolvaer-montbui\/\" title=\"Read Erasmus+: La connexi\u00f3 Svolv\u00e6r-Montbui\">Llegeix m\u00e9s\u00bb<\/a><\/p>\n","protected":false},"author":66,"featured_media":10735,"comment_status":"open","ping_status":"closed","sticky":false,"template":"","format":"standard","meta":{"_bbp_topic_count":0,"_bbp_reply_count":0,"_bbp_total_topic_count":0,"_bbp_total_reply_count":0,"_bbp_voice_count":0,"_bbp_anonymous_reply_count":0,"_bbp_topic_count_hidden":0,"_bbp_reply_count_hidden":0,"_bbp_forum_subforum_count":0,"footnotes":""},"categories":[124,7,29],"tags":[683,96,1108,1114,1113,685,1109,1110],"class_list":["post-10734","post","type-post","status-publish","format-standard","has-post-thumbnail","hentry","category-depangles","category-eso-4","category-portada","tag-capellades","tag-erasmus","tag-erasmus-noruega","tag-kahoot-noruecs","tag-moixiganguers-igualada","tag-museu-moli-paperer","tag-noruega","tag-tossa-montbui"],"post_mailing_queue_ids":[],"_links":{"self":[{"href":"https:\/\/agora.xtec.cat\/iesmontbui\/wp-json\/wp\/v2\/posts\/10734","targetHints":{"allow":["GET"]}}],"collection":[{"href":"https:\/\/agora.xtec.cat\/iesmontbui\/wp-json\/wp\/v2\/posts"}],"about":[{"href":"https:\/\/agora.xtec.cat\/iesmontbui\/wp-json\/wp\/v2\/types\/post"}],"author":[{"embeddable":true,"href":"https:\/\/agora.xtec.cat\/iesmontbui\/wp-json\/wp\/v2\/users\/66"}],"replies":[{"embeddable":true,"href":"https:\/\/agora.xtec.cat\/iesmontbui\/wp-json\/wp\/v2\/comments?post=10734"}],"version-history":[{"count":6,"href":"https:\/\/agora.xtec.cat\/iesmontbui\/wp-json\/wp\/v2\/posts\/10734\/revisions"}],"predecessor-version":[{"id":10767,"href":"https:\/\/agora.xtec.cat\/iesmontbui\/wp-json\/wp\/v2\/posts\/10734\/revisions\/10767"}],"wp:featuredmedia":[{"embeddable":true,"href":"https:\/\/agora.xtec.cat\/iesmontbui\/wp-json\/wp\/v2\/media\/10735"}],"wp:attachment":[{"href":"https:\/\/agora.xtec.cat\/iesmontbui\/wp-json\/wp\/v2\/media?parent=10734"}],"wp:term":[{"taxonomy":"category","embeddable":true,"href":"https:\/\/agora.xtec.cat\/iesmontbui\/wp-json\/wp\/v2\/categories?post=10734"},{"taxonomy":"post_tag","embeddable":true,"href":"https:\/\/agora.xtec.cat\/iesmontbui\/wp-json\/wp\/v2\/tags?post=10734"}],"curies":[{"name":"wp","href":"https:\/\/api.w.org\/{rel}","templated":true}]}}