{"id":10714,"date":"2025-02-02T20:13:23","date_gmt":"2025-02-02T19:13:23","guid":{"rendered":"https:\/\/agora.xtec.cat\/iesmontbui\/?p=10714"},"modified":"2025-02-02T20:14:01","modified_gmt":"2025-02-02T19:14:01","slug":"lhort-en-plena-efervescencia","status":"publish","type":"post","link":"https:\/\/agora.xtec.cat\/iesmontbui\/portada\/lhort-en-plena-efervescencia\/","title":{"rendered":"L&#8217;hort, en plena efervesc\u00e8ncia!"},"content":{"rendered":"<p><a href=\"https:\/\/agora.xtec.cat\/iesmontbui\/wp-content\/uploads\/usu145\/2025\/02\/IMG_20241126_142754-scaled.jpg\"><img loading=\"lazy\" decoding=\"async\" class=\"alignright size-medium wp-image-10715\" src=\"https:\/\/agora.xtec.cat\/iesmontbui\/wp-content\/uploads\/usu145\/2025\/02\/IMG_20241126_142754-300x139.jpg\" alt=\"\" width=\"300\" height=\"139\" srcset=\"https:\/\/agora.xtec.cat\/iesmontbui\/wp-content\/uploads\/usu145\/2025\/02\/IMG_20241126_142754-300x139.jpg 300w, https:\/\/agora.xtec.cat\/iesmontbui\/wp-content\/uploads\/usu145\/2025\/02\/IMG_20241126_142754-1024x473.jpg 1024w, https:\/\/agora.xtec.cat\/iesmontbui\/wp-content\/uploads\/usu145\/2025\/02\/IMG_20241126_142754-768x355.jpg 768w, https:\/\/agora.xtec.cat\/iesmontbui\/wp-content\/uploads\/usu145\/2025\/02\/IMG_20241126_142754-1536x709.jpg 1536w, https:\/\/agora.xtec.cat\/iesmontbui\/wp-content\/uploads\/usu145\/2025\/02\/IMG_20241126_142754-2048x946.jpg 2048w\" sizes=\"auto, (max-width: 300px) 100vw, 300px\" \/><\/a><\/p>\n<p>En quin estat es troba l&#8217;hort de l&#8217;institut, quan ja som a la meitat del segon trimestre? En plena efervesc\u00e8ncia, segons\u00a0 expliquen les responsables del projecte, les docents Anna Jim\u00e9nez i Merc\u00e8 Carta\u00f1\u00e0:<\/p>\n<p>&#8220;<strong>Fem el manteniment, tenint cura de treure les herbes, regar, cal\u00e7ar els cal\u00e7ots, que aviat es podran collir. Han plantat arom\u00e0tiques (menta) a l\u2019hort i altres com roman\u00ed, farigola, esp\u00edgol i espernallac, al <a href=\"https:\/\/agora.xtec.cat\/iesmontbui\/portada\/per-que-fem-un-jardi-per-les-papallones\/\">jard\u00ed de papallones.<\/a> A m\u00e9s, tamb\u00e9 estan fent manteniment de les zones ajardinades, reparant els tubs dels reg per goteig i substituint la tanca de cany\u00eds a la zona del carrer de la Tossa perqu\u00e8 s\u2019havia deteriorat despr\u00e9s de 3 anys&#8221;.\u00a0<\/strong><\/p>\n<p>La implicaci\u00f3 de l&#8217;alumnat del primer i del segon trimestre \u00e9s clau:<\/p>\n<p><strong>&#8220;Han fet molt bona feina, primer desbrossant i arrencant tot l\u2019herbassar que va cr\u00e9ixer durant l\u2019estiu, despr\u00e9s fangant i adobant la terra amb compost i finalment han pogut plantar hortalisses d\u2019hivern, deixant un hort impecable, pels seus companys del segon trimestre. <\/strong><\/p>\n<p><strong>&#8220;Han aprofitat tamb\u00e9 el propi compost fet a les nostres compostadores i han pogut collir olives, ametlles, caquis i codonys dels nostres arbres fruiters. <\/strong><span style=\"font-weight: 400;\"><strong>Han plantat totes les hortalisses de temporada que hem pogut: faves, p\u00e8sols, cal\u00e7ots, alls, cols, coliflors, carxoferes, enciams, pastanagues i fins i i tot 2 esparregueres&#8221;, detallen les dues docents.<\/strong>\u00a0<\/span><\/p>\n<p><span style=\"font-weight: 400;\">Les professores del projecte hort agraeixen &#8220;tota la feina i l\u2019inter\u00e8s de la majoria d\u2019alumnes que venen a l\u2019hort amb ganes d\u2019aprendre i de treballar&#8221;.<\/span><\/p>\n<p>M\u00e9s imatges, a l&#8217;Instagram de l&#8217;institut.<\/p>\n","protected":false},"excerpt":{"rendered":"<p><a href=\"https:\/\/agora.xtec.cat\/iesmontbui\/wp-content\/uploads\/usu145\/2025\/02\/IMG_20241126_142754-scaled.jpg\"><\/a><br \/>\nEn quin estat es troba l&#8217;hort de l&#8217;institut, quan ja som a la meitat del segon trimestre? En plena efervesc\u00e8ncia, segons\u00a0 expliquen les responsables del projecte, les docents Anna Jim\u00e9nez i Merc\u00e8 Carta\u00f1\u00e0:<br \/>\n&#8220;Fem el manteniment, tenint cura de treure les herbes, regar, cal\u00e7ar els&hellip;  <a href=\"https:\/\/agora.xtec.cat\/iesmontbui\/portada\/lhort-en-plena-efervescencia\/\" title=\"Read L&#8217;hort, en plena efervesc\u00e8ncia!\">Llegeix m\u00e9s\u00bb<\/a><\/p>\n","protected":false},"author":66,"featured_media":10715,"comment_status":"open","ping_status":"closed","sticky":false,"template":"","format":"standard","meta":{"_bbp_topic_count":0,"_bbp_reply_count":0,"_bbp_total_topic_count":0,"_bbp_total_reply_count":0,"_bbp_voice_count":0,"_bbp_anonymous_reply_count":0,"_bbp_topic_count_hidden":0,"_bbp_reply_count_hidden":0,"_bbp_forum_subforum_count":0,"footnotes":""},"categories":[120,29],"tags":[547,560,787],"class_list":["post-10714","post","type-post","status-publish","format-standard","has-post-thumbnail","hentry","category-depciencies","category-portada","tag-anna-jimenez","tag-merce-cartana","tag-projecte-hort"],"post_mailing_queue_ids":[],"_links":{"self":[{"href":"https:\/\/agora.xtec.cat\/iesmontbui\/wp-json\/wp\/v2\/posts\/10714","targetHints":{"allow":["GET"]}}],"collection":[{"href":"https:\/\/agora.xtec.cat\/iesmontbui\/wp-json\/wp\/v2\/posts"}],"about":[{"href":"https:\/\/agora.xtec.cat\/iesmontbui\/wp-json\/wp\/v2\/types\/post"}],"author":[{"embeddable":true,"href":"https:\/\/agora.xtec.cat\/iesmontbui\/wp-json\/wp\/v2\/users\/66"}],"replies":[{"embeddable":true,"href":"https:\/\/agora.xtec.cat\/iesmontbui\/wp-json\/wp\/v2\/comments?post=10714"}],"version-history":[{"count":3,"href":"https:\/\/agora.xtec.cat\/iesmontbui\/wp-json\/wp\/v2\/posts\/10714\/revisions"}],"predecessor-version":[{"id":10718,"href":"https:\/\/agora.xtec.cat\/iesmontbui\/wp-json\/wp\/v2\/posts\/10714\/revisions\/10718"}],"wp:featuredmedia":[{"embeddable":true,"href":"https:\/\/agora.xtec.cat\/iesmontbui\/wp-json\/wp\/v2\/media\/10715"}],"wp:attachment":[{"href":"https:\/\/agora.xtec.cat\/iesmontbui\/wp-json\/wp\/v2\/media?parent=10714"}],"wp:term":[{"taxonomy":"category","embeddable":true,"href":"https:\/\/agora.xtec.cat\/iesmontbui\/wp-json\/wp\/v2\/categories?post=10714"},{"taxonomy":"post_tag","embeddable":true,"href":"https:\/\/agora.xtec.cat\/iesmontbui\/wp-json\/wp\/v2\/tags?post=10714"}],"curies":[{"name":"wp","href":"https:\/\/api.w.org\/{rel}","templated":true}]}}