{"id":10705,"date":"2025-02-02T19:57:44","date_gmt":"2025-02-02T18:57:44","guid":{"rendered":"https:\/\/agora.xtec.cat\/iesmontbui\/?p=10705"},"modified":"2025-02-02T20:01:46","modified_gmt":"2025-02-02T19:01:46","slug":"torna-la-campanya-alumini-no-gracies","status":"publish","type":"post","link":"https:\/\/agora.xtec.cat\/iesmontbui\/portada\/torna-la-campanya-alumini-no-gracies\/","title":{"rendered":"Torna la campanya &#8216;Alumini? No, gr\u00e0cies!&#8217;"},"content":{"rendered":"<p>La campanya <a href=\"https:\/\/agora.xtec.cat\/iesmontbui\/portada\/el-paper-dalumini-una-despesa-innecessaria-i-poc-sostenible\/\"><strong>&#8216;Alumini? No, gr\u00e0cies!&#8217;<\/strong> <\/a>es torna a posar en marxa a l&#8217;institut a partir del proper dijous, 6 de febrer. L&#8217;<span style=\"font-weight: 400;\">objectiu \u00e9s <strong>conscienciar de la despesa innecess\u00e0ria del paper d\u2019alumini per embolicar l\u2019esmorzar. <\/strong>L<\/span><span style=\"font-weight: 400;\">a campanya de conscienciaci\u00f3 comen\u00e7ar\u00e0 amb una penjada de cartells fets pels voluntaris -que passaran per les aules a informar- i una <strong>recollida selectiva de restes d\u2019alumini<\/strong> durant <\/span><b>el primer pati dels dijous.<\/b><\/p>\n<p><span style=\"font-weight: 400;\">La idea \u00e9s visualitzar i quantificar (en pes) la quantitat d\u2019alumini recollit durant uns quants dies. D\u2019aquesta manera, segons explica la professora Merc\u00e8 Cartany\u00e0, &#8220;podrem calcular experimentalment la quantitat d\u2019alumini que utilitzem durant un curs. Al final de la campanya <strong>muntarem un mural informatiu per tal de conscienciar del problema i oferirem alternatives a l\u2019embolcall d\u2019alumini&#8221;.<\/strong><\/span><\/p>\n<p><a href=\"https:\/\/agora.xtec.cat\/iesmontbui\/wp-content\/uploads\/usu145\/2025\/02\/Alumini-No-gracies_Elena-Ariza-1.png\"><img loading=\"lazy\" decoding=\"async\" class=\" wp-image-10708 aligncenter\" src=\"https:\/\/agora.xtec.cat\/iesmontbui\/wp-content\/uploads\/usu145\/2025\/02\/Alumini-No-gracies_Elena-Ariza-1-212x300.png\" alt=\"\" width=\"248\" height=\"328\" \/><\/a><a href=\"https:\/\/agora.xtec.cat\/iesmontbui\/wp-content\/uploads\/usu145\/2025\/02\/CArtell-Alumini-Guillem_Ariza-1.png\"><img loading=\"lazy\" decoding=\"async\" class=\" wp-image-10710 aligncenter\" src=\"https:\/\/agora.xtec.cat\/iesmontbui\/wp-content\/uploads\/usu145\/2025\/02\/CArtell-Alumini-Guillem_Ariza-1-212x300.png\" alt=\"\" width=\"225\" height=\"308\" \/><\/a><\/p>\n<p><strong>Tercera campanya de l&#8217;Escola Verda\u00a0<\/strong><\/p>\n<p>La campanya sobre l&#8217;alumini completa les altres dues que ja estan en marxa. Els <b>dimarts \u00e9s el dia de l\u2019esmorzar amb fruita <\/b><b>i<\/b><span style=\"font-weight: 400;\"> els <\/span><b>divendres \u00e9s el dia de la recollida de les piles<\/b><span style=\"font-weight: 400;\">.<\/span><\/p>\n<p><span style=\"font-weight: 400;\">Des de la Comissi\u00f3 d&#8217;Escola Verda es <\/span><b>demana la col\u00b7laboraci\u00f3 de les fam\u00edlies<\/b><span style=\"font-weight: 400;\">, amb aquestes campanyes i &#8220;amb totes les idees que tingueu i volgueu aportar, per tal que entre tots ajudem a fer un mon m\u00e9s sostenible&#8221;.<\/span><\/p>\n","protected":false},"excerpt":{"rendered":"<p>La campanya <a href=\"https:\/\/agora.xtec.cat\/iesmontbui\/portada\/el-paper-dalumini-una-despesa-innecessaria-i-poc-sostenible\/\">&#8216;Alumini? No, gr\u00e0cies!&#8217; <\/a>es torna a posar en marxa a l&#8217;institut a partir del proper dijous, 6 de febrer. L&#8217;objectiu \u00e9s conscienciar de la despesa innecess\u00e0ria del paper d\u2019alumini per embolicar l\u2019esmorzar. La campanya de conscienciaci\u00f3 comen\u00e7ar\u00e0 amb una penjada de cartells&hellip;  <a href=\"https:\/\/agora.xtec.cat\/iesmontbui\/portada\/torna-la-campanya-alumini-no-gracies\/\" title=\"Read Torna la campanya &#8216;Alumini? No, gr\u00e0cies!&#8217;\">Llegeix m\u00e9s\u00bb<\/a><\/p>\n","protected":false},"author":66,"featured_media":10706,"comment_status":"open","ping_status":"closed","sticky":false,"template":"","format":"standard","meta":{"_bbp_topic_count":0,"_bbp_reply_count":0,"_bbp_total_topic_count":0,"_bbp_total_reply_count":0,"_bbp_voice_count":0,"_bbp_anonymous_reply_count":0,"_bbp_topic_count_hidden":0,"_bbp_reply_count_hidden":0,"_bbp_forum_subforum_count":0,"footnotes":""},"categories":[120,350,29],"tags":[1104,56,629],"class_list":["post-10705","post","type-post","status-publish","format-standard","has-post-thumbnail","hentry","category-depciencies","category-escola-verda","category-portada","tag-alumini-no-gracies","tag-escola-verda","tag-recollida-paper-alumini"],"post_mailing_queue_ids":[],"_links":{"self":[{"href":"https:\/\/agora.xtec.cat\/iesmontbui\/wp-json\/wp\/v2\/posts\/10705","targetHints":{"allow":["GET"]}}],"collection":[{"href":"https:\/\/agora.xtec.cat\/iesmontbui\/wp-json\/wp\/v2\/posts"}],"about":[{"href":"https:\/\/agora.xtec.cat\/iesmontbui\/wp-json\/wp\/v2\/types\/post"}],"author":[{"embeddable":true,"href":"https:\/\/agora.xtec.cat\/iesmontbui\/wp-json\/wp\/v2\/users\/66"}],"replies":[{"embeddable":true,"href":"https:\/\/agora.xtec.cat\/iesmontbui\/wp-json\/wp\/v2\/comments?post=10705"}],"version-history":[{"count":5,"href":"https:\/\/agora.xtec.cat\/iesmontbui\/wp-json\/wp\/v2\/posts\/10705\/revisions"}],"predecessor-version":[{"id":10713,"href":"https:\/\/agora.xtec.cat\/iesmontbui\/wp-json\/wp\/v2\/posts\/10705\/revisions\/10713"}],"wp:featuredmedia":[{"embeddable":true,"href":"https:\/\/agora.xtec.cat\/iesmontbui\/wp-json\/wp\/v2\/media\/10706"}],"wp:attachment":[{"href":"https:\/\/agora.xtec.cat\/iesmontbui\/wp-json\/wp\/v2\/media?parent=10705"}],"wp:term":[{"taxonomy":"category","embeddable":true,"href":"https:\/\/agora.xtec.cat\/iesmontbui\/wp-json\/wp\/v2\/categories?post=10705"},{"taxonomy":"post_tag","embeddable":true,"href":"https:\/\/agora.xtec.cat\/iesmontbui\/wp-json\/wp\/v2\/tags?post=10705"}],"curies":[{"name":"wp","href":"https:\/\/api.w.org\/{rel}","templated":true}]}}