{"id":10699,"date":"2025-02-02T19:10:54","date_gmt":"2025-02-02T18:10:54","guid":{"rendered":"https:\/\/agora.xtec.cat\/iesmontbui\/?p=10699"},"modified":"2025-02-02T19:10:54","modified_gmt":"2025-02-02T18:10:54","slug":"la-campanya-jo-apilo-ja-esta-en-marxa","status":"publish","type":"post","link":"https:\/\/agora.xtec.cat\/iesmontbui\/portada\/la-campanya-jo-apilo-ja-esta-en-marxa\/","title":{"rendered":"La campanya &#8216;Jo apilo&#8217; ja est\u00e0 en marxa"},"content":{"rendered":"<p><a href=\"https:\/\/agora.xtec.cat\/iesmontbui\/wp-content\/uploads\/usu145\/2025\/02\/1737664101133-scaled.jpg\"><img loading=\"lazy\" decoding=\"async\" class=\" wp-image-10700 aligncenter\" src=\"https:\/\/agora.xtec.cat\/iesmontbui\/wp-content\/uploads\/usu145\/2025\/02\/1737664101133-300x139.jpg\" alt=\"\" width=\"329\" height=\"178\" \/><\/a><\/p>\n<p><span style=\"font-weight: 400;\">Els voluntaris d\u2019<strong>Escola Verda<\/strong> ja han posat en marxa la <strong>recollida de piles al centre, <\/strong>tots els divendres, al <\/span><b>Punt Verd<\/b><span style=\"font-weight: 400;\"> que es munta davant del gimn\u00e0s, al primer pati. La iniciativa forma part d<\/span><span style=\"font-weight: 400;\">\u2019una campanya fomentada per la Generalitat de Catalunya (<\/span><a href=\"https:\/\/www.apilo.cat\/\"><span style=\"font-weight: 400;\">https:\/\/www.apilo.cat\/<\/span><\/a><span style=\"font-weight: 400;\">) per tal de <strong>crear consci\u00e8ncia i donar informaci\u00f3 sobre la perillositat del residu que suposen les piles, la capacitat de reciclatge dels productes que contenen i la necessitat de separar-les en un contenidor espec\u00edfic.\u00a0<\/strong><\/span><\/p>\n<p><span style=\"font-weight: 400;\">Per a facilitar-nos la tasca, a l&#8217;institut se li ha proporcionat un gran <strong>bid\u00f3 que es troba ubicat al costat de la porta de l\u2019aula d\u2019audiovisuals, amb un cartell i una carcassa de cartr\u00f3 en forma de cohet.<\/strong> A finals d\u2019abril vindran a buscar el bid\u00f3 i el pesaran. El centre que hagi recollit m\u00e9s piles (a pes) tindr\u00e0 un xec regal de 1.500\u20ac.\u00a0<\/span><\/p>\n<p><strong>M\u00e9s piles equival a un esmorzar <\/strong><\/p>\n<p><span style=\"font-weight: 400;\">Des de l\u2019equip impulsor d\u2019Escola Verda han decidit incentivar la campanya de recollida i esperonar l&#8217;alumnat oferint un <strong>esmorzar de fruita al grup classe que porti m\u00e9s piles i un regal (que encara est\u00e0 per definir) a la persona que individualment en porti m\u00e9s.<\/strong><\/span><\/p>\n<p><span style=\"font-weight: 400;\">Per anunciar la campanya, <strong>els alumnes voluntaris han elaborat un cartell en forma de pila i han passat per les classes a informar i a donar les capsetes portadores de piles<\/strong> que ha donat la Generalitat, pels alumnes que en vulguin portar. Per tal de poder fer el recompte de les piles ben fet, aquestes <strong>s<\/strong>&#8216;<strong>han de portar els divendres al Punt Verd on hi ha una colla de voluntaris, que prenen nota, les compten i les porten al bid\u00f3.<\/strong><\/span><\/p>\n<p><span style=\"font-weight: 400;\">Des de coordinaci\u00f3 d\u2019Escola Verda &#8220;felicito i agraeixo a tots els voluntaris que participen setmanalment amb gran dedicaci\u00f3, voluntat i ganes de treballar. <\/span><span style=\"font-weight: 400;\">Tamb\u00e9 agra\u00efm a l\u2019equip directiu les facilitats per proporcionar-nos el material i els recursos, com les 10 armilles noves pels voluntaris que fan accions a les hores de pati. <\/span>Animem-nos tots plegats i \u201capilem\u201d<strong>,<\/strong> explica la professora Merc\u00e8 Carta\u00f1\u00e0.<\/p>\n<p>Podeu veure un recull d&#8217;imatges a l&#8217;Instagram del centre i la galeria completa en aquest enlla\u00e7 a la carpeta de Drive: <a href=\"https:\/\/drive.google.com\/drive\/folders\/1jLfZam744zx3Yhvq11Qql82rX55jKJx8\">https:\/\/drive.google.com\/drive\/folders\/1jLfZam744zx3Yhvq11Qql82rX55jKJx8<\/a><\/p>\n","protected":false},"excerpt":{"rendered":"<p><a href=\"https:\/\/agora.xtec.cat\/iesmontbui\/wp-content\/uploads\/usu145\/2025\/02\/1737664101133-scaled.jpg\"><\/a><br \/>\nEls voluntaris d\u2019Escola Verda ja han posat en marxa la recollida de piles al centre, tots els divendres, al Punt Verd que es munta davant del gimn\u00e0s, al primer pati. La iniciativa forma part d\u2019una campanya fomentada per la Generalitat de Catalunya (<a href=\"https:\/\/www.apilo.cat\/\">https:\/\/www.apilo.cat\/<\/a>)&hellip;  <a href=\"https:\/\/agora.xtec.cat\/iesmontbui\/portada\/la-campanya-jo-apilo-ja-esta-en-marxa\/\" title=\"Read La campanya &#8216;Jo apilo&#8217; ja est\u00e0 en marxa\">Llegeix m\u00e9s\u00bb<\/a><\/p>\n","protected":false},"author":66,"featured_media":10700,"comment_status":"open","ping_status":"closed","sticky":false,"template":"","format":"standard","meta":{"_bbp_topic_count":0,"_bbp_reply_count":0,"_bbp_total_topic_count":0,"_bbp_total_reply_count":0,"_bbp_voice_count":0,"_bbp_anonymous_reply_count":0,"_bbp_topic_count_hidden":0,"_bbp_reply_count_hidden":0,"_bbp_forum_subforum_count":0,"footnotes":""},"categories":[120,350,29,1038],"tags":[400,56,1099,560,1100],"class_list":["post-10699","post","type-post","status-publish","format-standard","has-post-thumbnail","hentry","category-depciencies","category-escola-verda","category-portada","category-projectes","tag-comissions","tag-escola-verda","tag-jo-apilo","tag-merce-cartana","tag-recollida-de-piles"],"post_mailing_queue_ids":[],"_links":{"self":[{"href":"https:\/\/agora.xtec.cat\/iesmontbui\/wp-json\/wp\/v2\/posts\/10699","targetHints":{"allow":["GET"]}}],"collection":[{"href":"https:\/\/agora.xtec.cat\/iesmontbui\/wp-json\/wp\/v2\/posts"}],"about":[{"href":"https:\/\/agora.xtec.cat\/iesmontbui\/wp-json\/wp\/v2\/types\/post"}],"author":[{"embeddable":true,"href":"https:\/\/agora.xtec.cat\/iesmontbui\/wp-json\/wp\/v2\/users\/66"}],"replies":[{"embeddable":true,"href":"https:\/\/agora.xtec.cat\/iesmontbui\/wp-json\/wp\/v2\/comments?post=10699"}],"version-history":[{"count":1,"href":"https:\/\/agora.xtec.cat\/iesmontbui\/wp-json\/wp\/v2\/posts\/10699\/revisions"}],"predecessor-version":[{"id":10701,"href":"https:\/\/agora.xtec.cat\/iesmontbui\/wp-json\/wp\/v2\/posts\/10699\/revisions\/10701"}],"wp:featuredmedia":[{"embeddable":true,"href":"https:\/\/agora.xtec.cat\/iesmontbui\/wp-json\/wp\/v2\/media\/10700"}],"wp:attachment":[{"href":"https:\/\/agora.xtec.cat\/iesmontbui\/wp-json\/wp\/v2\/media?parent=10699"}],"wp:term":[{"taxonomy":"category","embeddable":true,"href":"https:\/\/agora.xtec.cat\/iesmontbui\/wp-json\/wp\/v2\/categories?post=10699"},{"taxonomy":"post_tag","embeddable":true,"href":"https:\/\/agora.xtec.cat\/iesmontbui\/wp-json\/wp\/v2\/tags?post=10699"}],"curies":[{"name":"wp","href":"https:\/\/api.w.org\/{rel}","templated":true}]}}