{"id":10696,"date":"2025-01-28T20:18:52","date_gmt":"2025-01-28T19:18:52","guid":{"rendered":"https:\/\/agora.xtec.cat\/iesmontbui\/?p=10696"},"modified":"2025-01-28T20:18:52","modified_gmt":"2025-01-28T19:18:52","slug":"eixamplant-el-coneixement-a-4t-deso","status":"publish","type":"post","link":"https:\/\/agora.xtec.cat\/iesmontbui\/eso\/eso-4\/eixamplant-el-coneixement-a-4t-deso\/","title":{"rendered":"Eixamplant el coneixement a 4t d&#8217;ESO"},"content":{"rendered":"<p><a href=\"https:\/\/agora.xtec.cat\/iesmontbui\/wp-content\/uploads\/usu145\/2025\/01\/IMG_20250128_121624-scaled-e1738091904427.jpg\"><img loading=\"lazy\" decoding=\"async\" class=\" wp-image-10697 aligncenter\" src=\"https:\/\/agora.xtec.cat\/iesmontbui\/wp-content\/uploads\/usu145\/2025\/01\/IMG_20250128_121624-scaled-e1738091904427-300x225.jpg\" alt=\"\" width=\"327\" height=\"225\" \/><\/a><\/p>\n<p>L&#8217;alumnat de quart d&#8217;ESO ha realitzat aquest dimarts, 28 de gener, una visita al barri de l&#8217;<strong>Eixample<\/strong> de Barcelona, en el marc de les mat\u00e8ries de <strong>Matem\u00e0tiques<\/strong> i<strong> Geografia i Hist\u00f2ria.<\/strong> Una activitat que els ha perm\u00e8s con\u00e8ixer, d&#8217;una banda, el context hist\u00f2ric de la <strong>creaci\u00f3<\/strong> de l&#8217;Eixample i la plasmaci\u00f3 del <strong>Pla Cerd\u00e0<\/strong> en aquest barri. De l&#8217;altra, tamb\u00e9 s&#8217;han endinsat en l&#8217;utilitzaci\u00f3 de t\u00e8cniques matem\u00e0tiques per interpretar i avaluar la informaci\u00f3 a l&#8217;entorn.<\/p>\n<p>Podeu veure un recull d&#8217;imatges a l&#8217;Instagram.<\/p>\n","protected":false},"excerpt":{"rendered":"<p><a href=\"https:\/\/agora.xtec.cat\/iesmontbui\/wp-content\/uploads\/usu145\/2025\/01\/IMG_20250128_121624-scaled-e1738091904427.jpg\"><\/a><br \/>\nL&#8217;alumnat de quart d&#8217;ESO ha realitzat aquest dimarts, 28 de gener, una visita al barri de l&#8217;Eixample de Barcelona, en el marc de les mat\u00e8ries de Matem\u00e0tiques i Geografia i Hist\u00f2ria. Una activitat que els ha perm\u00e8s con\u00e8ixer, d&#8217;una banda, el context hist\u00f2ric de&hellip;  <a href=\"https:\/\/agora.xtec.cat\/iesmontbui\/eso\/eso-4\/eixamplant-el-coneixement-a-4t-deso\/\" title=\"Read Eixamplant el coneixement a 4t d&#8217;ESO\">Llegeix m\u00e9s\u00bb<\/a><\/p>\n","protected":false},"author":66,"featured_media":10697,"comment_status":"open","ping_status":"closed","sticky":false,"template":"","format":"standard","meta":{"_bbp_topic_count":0,"_bbp_reply_count":0,"_bbp_total_topic_count":0,"_bbp_total_reply_count":0,"_bbp_voice_count":0,"_bbp_anonymous_reply_count":0,"_bbp_topic_count_hidden":0,"_bbp_reply_count_hidden":0,"_bbp_forum_subforum_count":0,"footnotes":""},"categories":[7,29],"tags":[573,41,1098],"class_list":["post-10696","post","type-post","status-publish","format-standard","has-post-thumbnail","hentry","category-eso-4","category-portada","tag-geografia-i-historia","tag-matematiques","tag-sortida-eixample"],"post_mailing_queue_ids":[],"_links":{"self":[{"href":"https:\/\/agora.xtec.cat\/iesmontbui\/wp-json\/wp\/v2\/posts\/10696","targetHints":{"allow":["GET"]}}],"collection":[{"href":"https:\/\/agora.xtec.cat\/iesmontbui\/wp-json\/wp\/v2\/posts"}],"about":[{"href":"https:\/\/agora.xtec.cat\/iesmontbui\/wp-json\/wp\/v2\/types\/post"}],"author":[{"embeddable":true,"href":"https:\/\/agora.xtec.cat\/iesmontbui\/wp-json\/wp\/v2\/users\/66"}],"replies":[{"embeddable":true,"href":"https:\/\/agora.xtec.cat\/iesmontbui\/wp-json\/wp\/v2\/comments?post=10696"}],"version-history":[{"count":1,"href":"https:\/\/agora.xtec.cat\/iesmontbui\/wp-json\/wp\/v2\/posts\/10696\/revisions"}],"predecessor-version":[{"id":10698,"href":"https:\/\/agora.xtec.cat\/iesmontbui\/wp-json\/wp\/v2\/posts\/10696\/revisions\/10698"}],"wp:featuredmedia":[{"embeddable":true,"href":"https:\/\/agora.xtec.cat\/iesmontbui\/wp-json\/wp\/v2\/media\/10697"}],"wp:attachment":[{"href":"https:\/\/agora.xtec.cat\/iesmontbui\/wp-json\/wp\/v2\/media?parent=10696"}],"wp:term":[{"taxonomy":"category","embeddable":true,"href":"https:\/\/agora.xtec.cat\/iesmontbui\/wp-json\/wp\/v2\/categories?post=10696"},{"taxonomy":"post_tag","embeddable":true,"href":"https:\/\/agora.xtec.cat\/iesmontbui\/wp-json\/wp\/v2\/tags?post=10696"}],"curies":[{"name":"wp","href":"https:\/\/api.w.org\/{rel}","templated":true}]}}