{"id":10674,"date":"2025-01-18T15:05:28","date_gmt":"2025-01-18T14:05:28","guid":{"rendered":"https:\/\/agora.xtec.cat\/iesmontbui\/?p=10674"},"modified":"2025-01-18T15:11:42","modified_gmt":"2025-01-18T14:11:42","slug":"el-28-01-nova-trobada-professorat-families","status":"publish","type":"post","link":"https:\/\/agora.xtec.cat\/iesmontbui\/portada\/el-28-01-nova-trobada-professorat-families\/","title":{"rendered":"El 28\/01, nova trobada professorat-fam\u00edlies"},"content":{"rendered":"<p><a href=\"https:\/\/agora.xtec.cat\/iesmontbui\/wp-content\/uploads\/usu145\/2025\/01\/reuniofamilies_model-12.jpg\"><img loading=\"lazy\" decoding=\"async\" class=\" wp-image-10675 aligncenter\" src=\"https:\/\/agora.xtec.cat\/iesmontbui\/wp-content\/uploads\/usu145\/2025\/01\/reuniofamilies_model-12-300x140.jpg\" alt=\"\" width=\"345\" height=\"182\" \/><\/a><\/p>\n<p>Despr\u00e9s de la primera edici\u00f3 celebrada <a href=\"https:\/\/agora.xtec.cat\/iesmontbui\/general\/trobada-entre-families-i-professorat-de-linstitut-30-de-gener\/\">el curs passat,<\/a> enguany l&#8217;<strong>Institut Montbui <\/strong><span style=\"font-weight: 400;\"><strong>i<\/strong> la seva Junta d\u2019<strong>AFA<\/strong> impulsa una nova jornada per a fam\u00edlies. Est\u00e0 organitzada a proposta de la Comissi\u00f3 de Participaci\u00f3, formada per professorat i fam\u00edlies representants de pares i mares delegats de centre.\u00a0<\/span><\/p>\n<p>Aquesta se celebrar\u00e0 el proper <strong>dimarts 28<\/strong><b>\u00a0de gener de<\/b><strong>\u00a015:30 a 17:30 hores.\u00a0<\/strong>L\u2019objectiu d\u2019aquesta jornada \u00e9s que vosaltres, com a pares, mares o tutors\/res legals de l\u2019alumnat, pugueu venir al centre per compartir una estona de <strong>conversa i explicaci\u00f3 per part del professorat sobre el que fan els vostres fills a l\u2019aula.<\/strong><\/p>\n<p>Al mateix temps que us permetr\u00e0 saber de primera m\u00e0 <strong>quins s\u00f3n els criteris i qu\u00e8 s\u2019espera dels vostres fills en diverses mat\u00e8ries,<\/strong> per aix\u00ed poder-los acompanyar molt m\u00e9s en el seu proc\u00e9s d\u2019aprenentatge; tamb\u00e9 se us oferiran, si cal, orientacions per millorar el rendiment en la mat\u00e8ria i fer un intercanvi d\u2019impressions amb el professor\/a. Us recordem que emetrem el corresponent<b>\u00a0justificant d\u2019assist\u00e8ncia\u00a0<\/b>en els casos que h\u00e0giu de demanar perm\u00eds en el vostre lloc de treball.<\/p>\n<p><strong>Deu minuts i acompanyats de l&#8217;alumnat <\/strong><\/p>\n<p>Es preveuen reunions de curta durada (10 minuts) perqu\u00e8 tots els assistents pugueu parlar amb el professorat del vostre fill\/a sobre el que cregueu m\u00e9s oport\u00fa. A l\u2019entrada del centre us rebrem l\u2019equip directiu i membres de la nova junta d\u2019AFA, i us indicarem els espais on us heu de dirigir.<\/p>\n<p><span style=\"font-weight: 400;\">L\u2019objectiu d\u2019aquesta trobada no \u00e9s realitzar una tutoria individual del vostre fill\/a amb el tutor\/a. El que s\u00ed \u00e9s important \u00e9s que <strong>en la mesura que sigui possible els vostres fills\/es us acompanyin en aquesta trobada.<\/strong>\u00a0<\/span><\/p>\n<p><b>El vostre fill\/a pot retornar la butlleta que se&#8217;ls ha entregat no m\u00e9s tard del <\/b><b><i>24 de gener<\/i><\/b><b> perqu\u00e8 fem una previsi\u00f3 de participaci\u00f3. Tamb\u00e9 podeu respondre per correu electr\u00f2nic al tutor\/a especificant amb quins docents voleu parlar .<\/b><span style=\"font-weight: 400;\"> Es tracta d\u2019acostar m\u00e9s els prop\u00f2sits de centre a les fam\u00edlies, tal com diu el nostre Projecte de Direcci\u00f3 d\u2019una manera amable i amb una conversa que sigui enriquidora per a tots.\u00a0<\/span><\/p>\n","protected":false},"excerpt":{"rendered":"<p><a href=\"https:\/\/agora.xtec.cat\/iesmontbui\/wp-content\/uploads\/usu145\/2025\/01\/reuniofamilies_model-12.jpg\"><\/a><br \/>\nDespr\u00e9s de la primera edici\u00f3 celebrada <a href=\"https:\/\/agora.xtec.cat\/iesmontbui\/general\/trobada-entre-families-i-professorat-de-linstitut-30-de-gener\/\">el curs passat,<\/a> enguany l&#8217;Institut Montbui i la seva Junta d\u2019AFA impulsa una nova jornada per a fam\u00edlies. Est\u00e0 organitzada a proposta de la Comissi\u00f3 de Participaci\u00f3, formada per professorat i fam\u00edlies representants de pares i mares&hellip;  <a href=\"https:\/\/agora.xtec.cat\/iesmontbui\/portada\/el-28-01-nova-trobada-professorat-families\/\" title=\"Read El 28\/01, nova trobada professorat-fam\u00edlies\">Llegeix m\u00e9s\u00bb<\/a><\/p>\n","protected":false},"author":66,"featured_media":10675,"comment_status":"open","ping_status":"closed","sticky":false,"template":"","format":"standard","meta":{"_bbp_topic_count":0,"_bbp_reply_count":0,"_bbp_total_topic_count":0,"_bbp_total_reply_count":0,"_bbp_voice_count":0,"_bbp_anonymous_reply_count":0,"_bbp_topic_count_hidden":0,"_bbp_reply_count_hidden":0,"_bbp_forum_subforum_count":0,"footnotes":""},"categories":[31,29],"tags":[1086,184,1084,1085,1083],"class_list":["post-10674","post","type-post","status-publish","format-standard","has-post-thumbnail","hentry","category-ampa","category-portada","tag-alumnat","tag-families","tag-tarda-en-families","tag-tarda-families","tag-trobada-professorat-alumnes"],"post_mailing_queue_ids":[],"_links":{"self":[{"href":"https:\/\/agora.xtec.cat\/iesmontbui\/wp-json\/wp\/v2\/posts\/10674","targetHints":{"allow":["GET"]}}],"collection":[{"href":"https:\/\/agora.xtec.cat\/iesmontbui\/wp-json\/wp\/v2\/posts"}],"about":[{"href":"https:\/\/agora.xtec.cat\/iesmontbui\/wp-json\/wp\/v2\/types\/post"}],"author":[{"embeddable":true,"href":"https:\/\/agora.xtec.cat\/iesmontbui\/wp-json\/wp\/v2\/users\/66"}],"replies":[{"embeddable":true,"href":"https:\/\/agora.xtec.cat\/iesmontbui\/wp-json\/wp\/v2\/comments?post=10674"}],"version-history":[{"count":4,"href":"https:\/\/agora.xtec.cat\/iesmontbui\/wp-json\/wp\/v2\/posts\/10674\/revisions"}],"predecessor-version":[{"id":10679,"href":"https:\/\/agora.xtec.cat\/iesmontbui\/wp-json\/wp\/v2\/posts\/10674\/revisions\/10679"}],"wp:featuredmedia":[{"embeddable":true,"href":"https:\/\/agora.xtec.cat\/iesmontbui\/wp-json\/wp\/v2\/media\/10675"}],"wp:attachment":[{"href":"https:\/\/agora.xtec.cat\/iesmontbui\/wp-json\/wp\/v2\/media?parent=10674"}],"wp:term":[{"taxonomy":"category","embeddable":true,"href":"https:\/\/agora.xtec.cat\/iesmontbui\/wp-json\/wp\/v2\/categories?post=10674"},{"taxonomy":"post_tag","embeddable":true,"href":"https:\/\/agora.xtec.cat\/iesmontbui\/wp-json\/wp\/v2\/tags?post=10674"}],"curies":[{"name":"wp","href":"https:\/\/api.w.org\/{rel}","templated":true}]}}