{"id":10559,"date":"2024-12-04T15:46:11","date_gmt":"2024-12-04T14:46:11","guid":{"rendered":"https:\/\/agora.xtec.cat\/iesmontbui\/?p=10559"},"modified":"2024-12-06T14:51:15","modified_gmt":"2024-12-06T13:51:15","slug":"de-cuando-lazarillo-se-hizo-instagramer","status":"publish","type":"post","link":"https:\/\/agora.xtec.cat\/iesmontbui\/eso\/eso-3\/de-cuando-lazarillo-se-hizo-instagramer\/","title":{"rendered":"&#8216;De cuando Lazarillo se hizo Instagramer&#8217;"},"content":{"rendered":"<p><a href=\"https:\/\/agora.xtec.cat\/iesmontbui\/wp-content\/uploads\/usu145\/2024\/12\/IMG_1806-scaled-e1733323522163.jpg\"><img loading=\"lazy\" decoding=\"async\" class=\"alignright size-medium wp-image-10560\" src=\"https:\/\/agora.xtec.cat\/iesmontbui\/wp-content\/uploads\/usu145\/2024\/12\/IMG_1806-scaled-e1733323522163-300x155.jpg\" alt=\"\" width=\"300\" height=\"155\" srcset=\"https:\/\/agora.xtec.cat\/iesmontbui\/wp-content\/uploads\/usu145\/2024\/12\/IMG_1806-scaled-e1733323522163-300x155.jpg 300w, https:\/\/agora.xtec.cat\/iesmontbui\/wp-content\/uploads\/usu145\/2024\/12\/IMG_1806-scaled-e1733323522163-1024x528.jpg 1024w, https:\/\/agora.xtec.cat\/iesmontbui\/wp-content\/uploads\/usu145\/2024\/12\/IMG_1806-scaled-e1733323522163-768x396.jpg 768w, https:\/\/agora.xtec.cat\/iesmontbui\/wp-content\/uploads\/usu145\/2024\/12\/IMG_1806-scaled-e1733323522163-1536x792.jpg 1536w, https:\/\/agora.xtec.cat\/iesmontbui\/wp-content\/uploads\/usu145\/2024\/12\/IMG_1806-scaled-e1733323522163-2048x1056.jpg 2048w\" sizes=\"auto, (max-width: 300px) 100vw, 300px\" \/><\/a><\/p>\n<p>L&#8217;alumnat de tercer d&#8217;ESO ha assistit aquest dimecres, 4 de desembre, a Can Papasse\u00eft (Vilanova del Cam\u00ed) per a veure la versi\u00f3 teatral d&#8217;un dels cl\u00e0ssics de la literatura espanyola <strong>\u2018Lazarillo de Tormes\u2019,<\/strong> d\u2019autor an\u00f2nim. Despr\u00e9s de llegir-ne una adaptaci\u00f3 al classe durant el primer trimestre a la mat\u00e8ria de <strong>Comprensi\u00f3 Lectora,<\/strong> l\u2019estudiantat ha presenciat un espectacle <strong>en clau d\u2019humor<\/strong> en qu\u00e8 els dos i \u00fanics actors de l\u2019obra s\u00f3n els narradors i es posen, a la vegada, a la pell dels personatges principals dels tractats -que no cap\u00edtols, com recordaven ells mateixos-: el propi Lazarillo, el cec, el clergue, el capell\u00e0, l\u2019escuder i la dona del Lazarillo. <strong>Una obra din\u00e0mica i que cercava la interacci\u00f3 constant amb l&#8217;alumnat:<\/strong> de fet, una estudiant de 3r A, la Luc\u00eda Peregrina, ha intervingut durant l&#8217;espectacle per interpretar un personatge.<\/p>\n<p>Durant l\u2019obra es representen alguns dels passatges m\u00e9s destacats d\u2019aquesta novel\u00b7la picaresca -especialment, els dos primers tractats- que s\u2019intercalen amb les reflexions dels dos actors sobre el context de l\u2019obra i dels personatges. Una representaci\u00f3 que t\u00e9 un clar prop\u00f2sit: apropar un cl\u00e0ssic allunyant-se de la reproducci\u00f3 fidel de l\u2019obra, tot cercant la complicitat del p\u00fablic adolescent a base d<strong>\u2019introduir, en clau d\u2019humor, elements textuals, visuals i musicals que s\u00f3n propis de la nostra \u00e8poca com per exemple, les xarxes socials.\u00a0<\/strong><\/p>\n<p>En finalitzar l\u2019espectacle, els actors han conversat amb els i les joves, tot formulant-los algunes q\u00fcestions als protagonistes.<\/p>\n<p>Podeu veure algunes imatges de l&#8217;espectacle a l&#8217;Instagram.<\/p>\n","protected":false},"excerpt":{"rendered":"<p><a href=\"https:\/\/agora.xtec.cat\/iesmontbui\/wp-content\/uploads\/usu145\/2024\/12\/IMG_1806-scaled-e1733323522163.jpg\"><\/a><br \/>\nL&#8217;alumnat de tercer d&#8217;ESO ha assistit aquest dimecres, 4 de desembre, a Can Papasse\u00eft (Vilanova del Cam\u00ed) per a veure la versi\u00f3 teatral d&#8217;un dels cl\u00e0ssics de la literatura espanyola \u2018Lazarillo de Tormes\u2019, d\u2019autor an\u00f2nim. Despr\u00e9s de llegir-ne una adaptaci\u00f3 al classe durant el&hellip;  <a href=\"https:\/\/agora.xtec.cat\/iesmontbui\/eso\/eso-3\/de-cuando-lazarillo-se-hizo-instagramer\/\" title=\"Read &#8216;De cuando Lazarillo se hizo Instagramer&#8217;\">Llegeix m\u00e9s\u00bb<\/a><\/p>\n","protected":false},"author":66,"featured_media":10560,"comment_status":"open","ping_status":"closed","sticky":false,"template":"","format":"standard","meta":{"_bbp_topic_count":0,"_bbp_reply_count":0,"_bbp_total_topic_count":0,"_bbp_total_reply_count":0,"_bbp_voice_count":0,"_bbp_anonymous_reply_count":0,"_bbp_topic_count_hidden":0,"_bbp_reply_count_hidden":0,"_bbp_forum_subforum_count":0,"footnotes":""},"categories":[125,6,29],"tags":[1023,465,178,1045,1021,40],"class_list":["post-10559","post","type-post","status-publish","format-standard","has-post-thumbnail","hentry","category-depllengues","category-eso-3","category-portada","tag-can-papasseit","tag-lazarillo-de-tormes","tag-literatura","tag-lucia-peregrina","tag-sortida-lazarillo-tormes","tag-teatre"],"post_mailing_queue_ids":[],"_links":{"self":[{"href":"https:\/\/agora.xtec.cat\/iesmontbui\/wp-json\/wp\/v2\/posts\/10559","targetHints":{"allow":["GET"]}}],"collection":[{"href":"https:\/\/agora.xtec.cat\/iesmontbui\/wp-json\/wp\/v2\/posts"}],"about":[{"href":"https:\/\/agora.xtec.cat\/iesmontbui\/wp-json\/wp\/v2\/types\/post"}],"author":[{"embeddable":true,"href":"https:\/\/agora.xtec.cat\/iesmontbui\/wp-json\/wp\/v2\/users\/66"}],"replies":[{"embeddable":true,"href":"https:\/\/agora.xtec.cat\/iesmontbui\/wp-json\/wp\/v2\/comments?post=10559"}],"version-history":[{"count":5,"href":"https:\/\/agora.xtec.cat\/iesmontbui\/wp-json\/wp\/v2\/posts\/10559\/revisions"}],"predecessor-version":[{"id":10566,"href":"https:\/\/agora.xtec.cat\/iesmontbui\/wp-json\/wp\/v2\/posts\/10559\/revisions\/10566"}],"wp:featuredmedia":[{"embeddable":true,"href":"https:\/\/agora.xtec.cat\/iesmontbui\/wp-json\/wp\/v2\/media\/10560"}],"wp:attachment":[{"href":"https:\/\/agora.xtec.cat\/iesmontbui\/wp-json\/wp\/v2\/media?parent=10559"}],"wp:term":[{"taxonomy":"category","embeddable":true,"href":"https:\/\/agora.xtec.cat\/iesmontbui\/wp-json\/wp\/v2\/categories?post=10559"},{"taxonomy":"post_tag","embeddable":true,"href":"https:\/\/agora.xtec.cat\/iesmontbui\/wp-json\/wp\/v2\/tags?post=10559"}],"curies":[{"name":"wp","href":"https:\/\/api.w.org\/{rel}","templated":true}]}}