{"id":10550,"date":"2024-12-04T14:49:16","date_gmt":"2024-12-04T13:49:16","guid":{"rendered":"https:\/\/agora.xtec.cat\/iesmontbui\/?p=10550"},"modified":"2024-12-04T14:49:16","modified_gmt":"2024-12-04T13:49:16","slug":"us-prometo-que-si-em-voteu","status":"publish","type":"post","link":"https:\/\/agora.xtec.cat\/iesmontbui\/portada\/us-prometo-que-si-em-voteu\/","title":{"rendered":"&#8216;Us prometo que si em voteu&#8230;&#8217;"},"content":{"rendered":"<p><em>Voteu-nos!<\/em> L&#8217;alumnat de Ciutadania, politica i dret, mat\u00e8ria de primer de Batxillerat, ha explorat en les darreres setmanes com es crea una organitzaci\u00f3 pol\u00edtica i com funciona el nostre sistema electoral. Per posar-ho en pr\u00e0ctica, l&#8217;estudiantat ha dut a terme una activitat en la qual ha hagut d&#8217;<strong>idear des de zero un partit, preparar la seva campanya electoral -en la qual han generat materials de propaganda-<\/strong> i, finalment, <strong>ha celebrat les seves eleccions. <\/strong>Una manera d&#8217;aproximar-se, doncs, a la realitat parlament\u00e0ria i des d&#8217;un vessant local, ja que la campanya estava dirigida a la celebraci\u00f3 d&#8217;unes hipot\u00e8tiques eleccions municipals a Santa Margarida de Montbui.<\/p>\n<p>Podeu veure un recull dels materials electorals de l&#8217;alumnat a l&#8217;Instagram.<\/p>\n","protected":false},"excerpt":{"rendered":"<p>Voteu-nos! L&#8217;alumnat de Ciutadania, politica i dret, mat\u00e8ria de primer de Batxillerat, ha explorat en les darreres setmanes com es crea una organitzaci\u00f3 pol\u00edtica i com funciona el nostre sistema electoral. Per posar-ho en pr\u00e0ctica, l&#8217;estudiantat ha dut a terme una activitat en la qual&hellip;  <a href=\"https:\/\/agora.xtec.cat\/iesmontbui\/portada\/us-prometo-que-si-em-voteu\/\" title=\"Read &#8216;Us prometo que si em voteu&#8230;&#8217;\">Llegeix m\u00e9s\u00bb<\/a><\/p>\n","protected":false},"author":66,"featured_media":10551,"comment_status":"open","ping_status":"closed","sticky":false,"template":"","format":"standard","meta":{"_bbp_topic_count":0,"_bbp_reply_count":0,"_bbp_total_topic_count":0,"_bbp_total_reply_count":0,"_bbp_voice_count":0,"_bbp_anonymous_reply_count":0,"_bbp_topic_count_hidden":0,"_bbp_reply_count_hidden":0,"_bbp_forum_subforum_count":0,"footnotes":""},"categories":[67,29],"tags":[1043,755,1044],"class_list":["post-10550","post","type-post","status-publish","format-standard","has-post-thumbnail","hentry","category-batx-1","category-portada","tag-activitat-ciutadania-eleccions","tag-ciutadania","tag-ciutadania-politica-dret"],"post_mailing_queue_ids":[],"_links":{"self":[{"href":"https:\/\/agora.xtec.cat\/iesmontbui\/wp-json\/wp\/v2\/posts\/10550","targetHints":{"allow":["GET"]}}],"collection":[{"href":"https:\/\/agora.xtec.cat\/iesmontbui\/wp-json\/wp\/v2\/posts"}],"about":[{"href":"https:\/\/agora.xtec.cat\/iesmontbui\/wp-json\/wp\/v2\/types\/post"}],"author":[{"embeddable":true,"href":"https:\/\/agora.xtec.cat\/iesmontbui\/wp-json\/wp\/v2\/users\/66"}],"replies":[{"embeddable":true,"href":"https:\/\/agora.xtec.cat\/iesmontbui\/wp-json\/wp\/v2\/comments?post=10550"}],"version-history":[{"count":2,"href":"https:\/\/agora.xtec.cat\/iesmontbui\/wp-json\/wp\/v2\/posts\/10550\/revisions"}],"predecessor-version":[{"id":10553,"href":"https:\/\/agora.xtec.cat\/iesmontbui\/wp-json\/wp\/v2\/posts\/10550\/revisions\/10553"}],"wp:featuredmedia":[{"embeddable":true,"href":"https:\/\/agora.xtec.cat\/iesmontbui\/wp-json\/wp\/v2\/media\/10551"}],"wp:attachment":[{"href":"https:\/\/agora.xtec.cat\/iesmontbui\/wp-json\/wp\/v2\/media?parent=10550"}],"wp:term":[{"taxonomy":"category","embeddable":true,"href":"https:\/\/agora.xtec.cat\/iesmontbui\/wp-json\/wp\/v2\/categories?post=10550"},{"taxonomy":"post_tag","embeddable":true,"href":"https:\/\/agora.xtec.cat\/iesmontbui\/wp-json\/wp\/v2\/tags?post=10550"}],"curies":[{"name":"wp","href":"https:\/\/api.w.org\/{rel}","templated":true}]}}