{"id":10527,"date":"2024-11-27T22:41:40","date_gmt":"2024-11-27T21:41:40","guid":{"rendered":"https:\/\/agora.xtec.cat\/iesmontbui\/?p=10527"},"modified":"2024-11-27T22:48:34","modified_gmt":"2024-11-27T21:48:34","slug":"el-pfi-un-equip-ple-de-valors","status":"publish","type":"post","link":"https:\/\/agora.xtec.cat\/iesmontbui\/portada\/el-pfi-un-equip-ple-de-valors\/","title":{"rendered":"El PFI, un equip ple de valors"},"content":{"rendered":"<p><a href=\"https:\/\/agora.xtec.cat\/iesmontbui\/wp-content\/uploads\/usu145\/2024\/11\/pfi-esports4-e1732743650906.jpeg\"><img loading=\"lazy\" decoding=\"async\" class=\" wp-image-10528 aligncenter\" src=\"https:\/\/agora.xtec.cat\/iesmontbui\/wp-content\/uploads\/usu145\/2024\/11\/pfi-esports4-e1732743650906-300x160.jpeg\" alt=\"\" width=\"339\" height=\"187\" \/><\/a><\/p>\n<p>El passat 21 de novembre va tenir lloc a Institut Nacional d\u2019Educaci\u00f3 F\u00edsica de Catalunya (<a href=\"https:\/\/inefc.gencat.cat\/ca\/inici\/index.html\">INEFC<\/a>), a Barcelona, una jornada sobre sobre els <strong>valors de l\u2019esport<\/strong> adre\u00e7ada a alumnat de Programes de Formaci\u00f3 i Inserci\u00f3 (PFI), entre els quals l\u2019alumnat del <strong>PFI d\u2019Auxiliar d\u2019activitats d\u2019oficina i de serveis administratius generals<\/strong> de l\u2019Institut Montbui. La jornada va aplegar vora de 300 joves de les comarques de l\u2019Anoia i de l\u2019Alt Pened\u00e8s.<\/p>\n<p><strong>Gimcana esportiva\u00a0<\/strong><\/p>\n<p>Durant tot el mat\u00ed, l\u2019alumnat del PFI Montbui va participar en una gimcana amb diverses proves esportives que havien preparat els alumnes del grau en Ci\u00e8ncies del l&#8217;Activitat F\u00edsica i de l&#8217;Esport de l\u2019INEFC. Els joves havien de formar equips heterogenis amb estudiants d\u2019altres PFIs de l\u2019Anoia i l\u2019Alt Pened\u00e8s, amb l\u2019objectiu de fomentar la coneixen\u00e7a entre ells i el treball en equip.<\/p>\n<p><strong>Tercera participaci\u00f3 de l&#8217;INS Montbui\u00a0<\/strong><\/p>\n<p>La matinal esportiva es va completar amb una visita l\u00fadica a l\u2019Estadi ol\u00edmpic Llu\u00eds Companys, que geogr\u00e0ficament \u00e9s molt a prop de les instal\u00b7lacions de l\u2019INEFC. Aquest \u00e9s el tercer any que el PFI Montbui participa en el projecte Els Valors de l\u2019Esport amb una s\u00e8rie d\u2019activitats transversals que tenen com a objectiu principal promoure valors com la <strong>perseveran\u00e7a, el sacrifici, el treball en equip i l\u2019esfor\u00e7,<\/strong> entre d\u2019altres. Cap a la primavera es far\u00e0 la jornada final de cloenda amb una matinal poliesportiva a Igualada.<\/p>\n<p>Podeu veure un recull d&#8217;imatges de la jornada a l&#8217;Instagram.<\/p>\n<p>(Text\/Imatges: Susana Val\u00e8ncia, Coordinadora del PFI )<\/p>\n","protected":false},"excerpt":{"rendered":"<p><a href=\"https:\/\/agora.xtec.cat\/iesmontbui\/wp-content\/uploads\/usu145\/2024\/11\/pfi-esports4-e1732743650906.jpeg\"><\/a><br \/>\nEl passat 21 de novembre va tenir lloc a Institut Nacional d\u2019Educaci\u00f3 F\u00edsica de Catalunya (<a href=\"https:\/\/inefc.gencat.cat\/ca\/inici\/index.html\">INEFC<\/a>), a Barcelona, una jornada sobre sobre els valors de l\u2019esport adre\u00e7ada a alumnat de Programes de Formaci\u00f3 i Inserci\u00f3 (PFI), entre els quals l\u2019alumnat del PFI d\u2019Auxiliar&hellip;  <a href=\"https:\/\/agora.xtec.cat\/iesmontbui\/portada\/el-pfi-un-equip-ple-de-valors\/\" title=\"Read El PFI, un equip ple de valors\">Llegeix m\u00e9s\u00bb<\/a><\/p>\n","protected":false},"author":66,"featured_media":10528,"comment_status":"open","ping_status":"closed","sticky":false,"template":"","format":"standard","meta":{"_bbp_topic_count":0,"_bbp_reply_count":0,"_bbp_total_topic_count":0,"_bbp_total_reply_count":0,"_bbp_voice_count":0,"_bbp_anonymous_reply_count":0,"_bbp_topic_count_hidden":0,"_bbp_reply_count_hidden":0,"_bbp_forum_subforum_count":0,"footnotes":""},"categories":[339,29],"tags":[688,1032,1030,1031],"class_list":["post-10527","post","type-post","status-publish","format-standard","has-post-thumbnail","hentry","category-pfi","category-portada","tag-els-valors-de-lesport","tag-inefc","tag-jornada-valors-esport-2024","tag-valors-esport-ins-montbui"],"post_mailing_queue_ids":[],"_links":{"self":[{"href":"https:\/\/agora.xtec.cat\/iesmontbui\/wp-json\/wp\/v2\/posts\/10527","targetHints":{"allow":["GET"]}}],"collection":[{"href":"https:\/\/agora.xtec.cat\/iesmontbui\/wp-json\/wp\/v2\/posts"}],"about":[{"href":"https:\/\/agora.xtec.cat\/iesmontbui\/wp-json\/wp\/v2\/types\/post"}],"author":[{"embeddable":true,"href":"https:\/\/agora.xtec.cat\/iesmontbui\/wp-json\/wp\/v2\/users\/66"}],"replies":[{"embeddable":true,"href":"https:\/\/agora.xtec.cat\/iesmontbui\/wp-json\/wp\/v2\/comments?post=10527"}],"version-history":[{"count":2,"href":"https:\/\/agora.xtec.cat\/iesmontbui\/wp-json\/wp\/v2\/posts\/10527\/revisions"}],"predecessor-version":[{"id":10530,"href":"https:\/\/agora.xtec.cat\/iesmontbui\/wp-json\/wp\/v2\/posts\/10527\/revisions\/10530"}],"wp:featuredmedia":[{"embeddable":true,"href":"https:\/\/agora.xtec.cat\/iesmontbui\/wp-json\/wp\/v2\/media\/10528"}],"wp:attachment":[{"href":"https:\/\/agora.xtec.cat\/iesmontbui\/wp-json\/wp\/v2\/media?parent=10527"}],"wp:term":[{"taxonomy":"category","embeddable":true,"href":"https:\/\/agora.xtec.cat\/iesmontbui\/wp-json\/wp\/v2\/categories?post=10527"},{"taxonomy":"post_tag","embeddable":true,"href":"https:\/\/agora.xtec.cat\/iesmontbui\/wp-json\/wp\/v2\/tags?post=10527"}],"curies":[{"name":"wp","href":"https:\/\/api.w.org\/{rel}","templated":true}]}}