{"id":10499,"date":"2024-11-21T10:56:17","date_gmt":"2024-11-21T09:56:17","guid":{"rendered":"https:\/\/agora.xtec.cat\/iesmontbui\/?p=10499"},"modified":"2024-11-21T11:06:45","modified_gmt":"2024-11-21T10:06:45","slug":"sortida-teatre-lazarillo-de-tormes-3r-deso-04-12","status":"publish","type":"post","link":"https:\/\/agora.xtec.cat\/iesmontbui\/general\/sortida-teatre-lazarillo-de-tormes-3r-deso-04-12\/","title":{"rendered":"Sortida teatre: &#8216;Lazarillo de Tormes&#8217; (3r d&#8217;ESO, 04\/12)"},"content":{"rendered":"<p>L&#8217;alumnat de tercer d&#8217;ESO assistir\u00e0 a l&#8217;obra de teatre <em>El Lazarillo de Tormes, <\/em>que es representar\u00e0 al Centre polivalent de <strong>Can Papasseit,<\/strong> a Vilanova del Cam\u00ed. El dia de la sortida \u00e9s<strong> el dimecres 4 de novembre. Sortiran de l&#8217;institut a les 8 hores i tornaran al voltant de les 14:00\u202f hores,<\/strong> aproximadament. L&#8217;alumnat podr\u00e0 marxar a casa quan arribi al centre.\u00a0\u00c9s una activitat relacionada amb la mat\u00e8ria de <strong>Llengua Castellana i Literatura.<\/strong><\/p>\n<p>El preu de la sortida \u00e9s de 9,90 \u20ac\/alumne. (No s\u2019accepten pagaments en efectiu). El concepte per fer el pagament \u00e9s:\u201d SORTIDA LAZARILLO 24-25\u201d i la data m\u00e0xima per fer-lo \u00e9s el dia 29 de novembre.<\/p>\n<p>IMPORTANT: Cal tenir en compte que, en cas de no assistir a una sortida, el centre no retornar\u00e0 els diners del transport, si n&#8217;hi ha, ja que el preu \u00e9s calculat i ajustat al nombre d&#8217;alumnat inscrit. Si el preu de les activitats, entrades, etc. s&#8217;abona en el moment de realitzar-se en funci\u00f3 del nombre de participants, aquesta part es podr\u00e0 retornar, per\u00f2 no si ha<br \/>\nhagut de pagar-se amb antelaci\u00f3.<\/p>\n<p><strong>FORMES DE PAGAMENT<\/strong><\/p>\n<p>1. Accedim a la web del centre https:\/\/agora.xtec.cat\/iesmontbui\/<\/p>\n<p>2. Fem clic a la icona<a href=\"https:\/\/www16.atutoria.com\/tpvol\/imtbui\/\"> \u201cpagament online\u201d<\/a> (a dalt, a la dreta).<\/p>\n<p>3. Al desplegable \u201cSelecciona l\u2019activitat\u201d triem l\u2019opci\u00f3 corresponent.<\/p>\n<p>4. Si cal, indiquem la quantitat a abonar. Si ja hi figura, no s\u2019ha de fer aquest pas.<\/p>\n<p>5. Escrivim el nom i cognoms de l\u2019alumne o de l\u2019alumna.<\/p>\n<p>6. Seleccionem el curs i el grup. Si no coneixem alguna dada, seleccionem l\u2019interrogant, ja<br \/>\nque \u00e9s obligatori triar una opci\u00f3.<\/p>\n<p>7. Seleccionem l\u2019ensenyament (ESO\/BATX\/PFI). Si no sabem l\u2019ensenyament, seleccionem<br \/>\nl\u2019interrogant, ja que \u00e9s obligatori triar una opci\u00f3.<\/p>\n<p>8. Cliquem a \u201cFer el pagament\u201d.<\/p>\n<p>9. Omplim les dades de la plataforma banc\u00e0ria.<\/p>\n<p>10. Rebem la confirmaci\u00f3 de pagament del banc.<\/p>\n<p>(Imatge portada: https:\/\/www.transeduca.com\/obra-lazarillo-de-tormes-652-es)<\/p>\n","protected":false},"excerpt":{"rendered":"<p>L&#8217;alumnat de tercer d&#8217;ESO assistir\u00e0 a l&#8217;obra de teatre El Lazarillo de Tormes, que es representar\u00e0 al Centre polivalent de Can Papasseit, a Vilanova del Cam\u00ed. El dia de la sortida \u00e9s el dimecres 4 de novembre. Sortiran de l&#8217;institut a les 8 hores i&hellip;  <a href=\"https:\/\/agora.xtec.cat\/iesmontbui\/general\/sortida-teatre-lazarillo-de-tormes-3r-deso-04-12\/\" title=\"Read Sortida teatre: &#8216;Lazarillo de Tormes&#8217; (3r d&#8217;ESO, 04\/12)\">Llegeix m\u00e9s\u00bb<\/a><\/p>\n","protected":false},"author":66,"featured_media":10501,"comment_status":"open","ping_status":"closed","sticky":false,"template":"","format":"standard","meta":{"_bbp_topic_count":0,"_bbp_reply_count":0,"_bbp_total_topic_count":0,"_bbp_total_reply_count":0,"_bbp_voice_count":0,"_bbp_anonymous_reply_count":0,"_bbp_topic_count_hidden":0,"_bbp_reply_count_hidden":0,"_bbp_forum_subforum_count":0,"footnotes":""},"categories":[125,6,1,29],"tags":[1023,178,413,1021,40,1022],"class_list":["post-10499","post","type-post","status-publish","format-standard","has-post-thumbnail","hentry","category-depllengues","category-eso-3","category-general","category-portada","tag-can-papasseit","tag-literatura","tag-llengua-castellana-i-literatura","tag-sortida-lazarillo-tormes","tag-teatre","tag-teatre-lazarillo-de-tormes-24-25"],"post_mailing_queue_ids":[],"_links":{"self":[{"href":"https:\/\/agora.xtec.cat\/iesmontbui\/wp-json\/wp\/v2\/posts\/10499","targetHints":{"allow":["GET"]}}],"collection":[{"href":"https:\/\/agora.xtec.cat\/iesmontbui\/wp-json\/wp\/v2\/posts"}],"about":[{"href":"https:\/\/agora.xtec.cat\/iesmontbui\/wp-json\/wp\/v2\/types\/post"}],"author":[{"embeddable":true,"href":"https:\/\/agora.xtec.cat\/iesmontbui\/wp-json\/wp\/v2\/users\/66"}],"replies":[{"embeddable":true,"href":"https:\/\/agora.xtec.cat\/iesmontbui\/wp-json\/wp\/v2\/comments?post=10499"}],"version-history":[{"count":4,"href":"https:\/\/agora.xtec.cat\/iesmontbui\/wp-json\/wp\/v2\/posts\/10499\/revisions"}],"predecessor-version":[{"id":10506,"href":"https:\/\/agora.xtec.cat\/iesmontbui\/wp-json\/wp\/v2\/posts\/10499\/revisions\/10506"}],"wp:featuredmedia":[{"embeddable":true,"href":"https:\/\/agora.xtec.cat\/iesmontbui\/wp-json\/wp\/v2\/media\/10501"}],"wp:attachment":[{"href":"https:\/\/agora.xtec.cat\/iesmontbui\/wp-json\/wp\/v2\/media?parent=10499"}],"wp:term":[{"taxonomy":"category","embeddable":true,"href":"https:\/\/agora.xtec.cat\/iesmontbui\/wp-json\/wp\/v2\/categories?post=10499"},{"taxonomy":"post_tag","embeddable":true,"href":"https:\/\/agora.xtec.cat\/iesmontbui\/wp-json\/wp\/v2\/tags?post=10499"}],"curies":[{"name":"wp","href":"https:\/\/api.w.org\/{rel}","templated":true}]}}