{"id":10479,"date":"2024-11-18T22:37:19","date_gmt":"2024-11-18T21:37:19","guid":{"rendered":"https:\/\/agora.xtec.cat\/iesmontbui\/?p=10479"},"modified":"2024-11-18T22:44:09","modified_gmt":"2024-11-18T21:44:09","slug":"santa-cecilia-2024-aquest-dimecres-a-linstitut","status":"publish","type":"post","link":"https:\/\/agora.xtec.cat\/iesmontbui\/portada\/santa-cecilia-2024-aquest-dimecres-a-linstitut\/","title":{"rendered":"Santa Cecilia 2024, aquest dimecres a l&#8217;institut"},"content":{"rendered":"<p><a href=\"https:\/\/agora.xtec.cat\/iesmontbui\/wp-content\/uploads\/usu145\/2024\/11\/santacecilia2023.jpg\"><img loading=\"lazy\" decoding=\"async\" class=\" wp-image-10482 aligncenter\" src=\"https:\/\/agora.xtec.cat\/iesmontbui\/wp-content\/uploads\/usu145\/2024\/11\/santacecilia2023-300x155.jpg\" alt=\"\" width=\"368\" height=\"198\" \/><\/a><\/p>\n<p>Aquest dimecres, 20 de novembre, l\u2019institut celebrar\u00e0 la<strong>\u00a0Diada de Santa Cecilia<\/strong> amb un concert que tindr\u00e0 lloc al <strong>gimn\u00e0s<\/strong> durant el mat\u00ed. Aquest comptar\u00e0 novament amb la participaci\u00f3 de l\u2019alumnat i el professorat del centre. Es mantindr\u00e0 un format similar al del curs passat amb el seg\u00fcent horari:<\/p>\n<ul>\n<li>La jornada arrencar\u00e0 a les 9 hores. La darrera mitja hora comptar\u00e0 amb p\u00fablic, que ser\u00e0 l\u2019alumnat que en aquella hora fa les optatives de quart d\u2019ESO, a m\u00e9s de primer de Batxillerat A.<\/li>\n<li>En el primer pati, de 10 a 11.20 hores, hi actuar\u00e0 el professorat.<\/li>\n<li>La seg\u00fcent actuac\u00ed\u00f3 ser\u00e0 d\u201910.20 a 11.20 hores. La darrera mitja hora comptar\u00e0 amb p\u00fablic, que ser\u00e0 l\u2019alumnat que en aquella hora fa les optatives de tercer d\u2019ESO. Tamb\u00e9 hi assistir\u00e0 segon de Batxillerat B.<\/li>\n<li>De 11.20 a 12.20, l&#8217;alumnat de\u00a0projectes de 2n d\u2019ESO hi assistir\u00e0 en la darrera mitja hora, aix\u00ed com primer de Batxillerat B.<\/li>\n<li>De 12.20 a 12.30, l\u2019actuaci\u00f3 musical del professorat, en el segon pati, estar\u00e0 \u2018marinada\u2019 amb postres de m\u00fasic per a tots els assistents.<\/li>\n<li>De 13.30 a 14.30, es reprendran les actuacions. En aquest cas, el p\u00fablic ser\u00e0 l&#8217;alumnat dels projectes de 1r d\u2019ESO i segon de Batxillerat A.<\/li>\n<\/ul>\n<p>Recordem dues de les actuacions del concert de 2023 en aquest v\u00eddeo, per part del professorat i alumnat:<\/p>\n<div style=\"width: 1276px;\" class=\"wp-video\"><!--[if lt IE 9]><script>document.createElement('video');<\/script><![endif]-->\n<video class=\"wp-video-shortcode\" id=\"video-10479-1\" width=\"1276\" height=\"720\" preload=\"metadata\" controls=\"controls\"><source type=\"video\/mp4\" src=\"https:\/\/agora.xtec.cat\/iesmontbui\/wp-content\/uploads\/usu145\/2024\/11\/Snapinsta.app_video_594A3A0B98A1DDD3186D104D0347B290_video_dashinit.mp4?_=1\" \/><a href=\"https:\/\/agora.xtec.cat\/iesmontbui\/wp-content\/uploads\/usu145\/2024\/11\/Snapinsta.app_video_594A3A0B98A1DDD3186D104D0347B290_video_dashinit.mp4\">https:\/\/agora.xtec.cat\/iesmontbui\/wp-content\/uploads\/usu145\/2024\/11\/Snapinsta.app_video_594A3A0B98A1DDD3186D104D0347B290_video_dashinit.mp4<\/a><\/video><\/div>\n<div style=\"width: 1276px;\" class=\"wp-video\"><video class=\"wp-video-shortcode\" id=\"video-10479-2\" width=\"1276\" height=\"720\" preload=\"metadata\" controls=\"controls\"><source type=\"video\/mp4\" src=\"https:\/\/agora.xtec.cat\/iesmontbui\/wp-content\/uploads\/usu145\/2024\/11\/Snapinsta.app_video_82417354EF60795F219001D7FFDC269F_video_dashinit.mp4?_=2\" \/><a href=\"https:\/\/agora.xtec.cat\/iesmontbui\/wp-content\/uploads\/usu145\/2024\/11\/Snapinsta.app_video_82417354EF60795F219001D7FFDC269F_video_dashinit.mp4\">https:\/\/agora.xtec.cat\/iesmontbui\/wp-content\/uploads\/usu145\/2024\/11\/Snapinsta.app_video_82417354EF60795F219001D7FFDC269F_video_dashinit.mp4<\/a><\/video><\/div>\n<p>&nbsp;<\/p>\n","protected":false},"excerpt":{"rendered":"<p><a href=\"https:\/\/agora.xtec.cat\/iesmontbui\/wp-content\/uploads\/usu145\/2024\/11\/santacecilia2023.jpg\"><\/a><br \/>\nAquest dimecres, 20 de novembre, l\u2019institut celebrar\u00e0 la\u00a0Diada de Santa Cecilia amb un concert que tindr\u00e0 lloc al gimn\u00e0s durant el mat\u00ed. Aquest comptar\u00e0 novament amb la participaci\u00f3 de l\u2019alumnat i el professorat del centre. Es mantindr\u00e0 un format similar al del curs passat&hellip;  <a href=\"https:\/\/agora.xtec.cat\/iesmontbui\/portada\/santa-cecilia-2024-aquest-dimecres-a-linstitut\/\" title=\"Read Santa Cecilia 2024, aquest dimecres a l&#8217;institut\">Llegeix m\u00e9s\u00bb<\/a><\/p>\n","protected":false},"author":66,"featured_media":10483,"comment_status":"open","ping_status":"closed","sticky":false,"template":"","format":"standard","meta":{"_bbp_topic_count":0,"_bbp_reply_count":0,"_bbp_total_topic_count":0,"_bbp_total_reply_count":0,"_bbp_voice_count":0,"_bbp_anonymous_reply_count":0,"_bbp_topic_count_hidden":0,"_bbp_reply_count_hidden":0,"_bbp_forum_subforum_count":0,"footnotes":""},"categories":[62,29],"tags":[443,1017,439,1016],"class_list":["post-10479","post","type-post","status-publish","format-standard","has-post-thumbnail","hentry","category-orgacentre","category-portada","tag-concert-de-santa-cecilia-2023","tag-concert-de-santa-cecilia-2024","tag-santa-cecilia-2023","tag-santa-cecilia-2024"],"post_mailing_queue_ids":[],"_links":{"self":[{"href":"https:\/\/agora.xtec.cat\/iesmontbui\/wp-json\/wp\/v2\/posts\/10479","targetHints":{"allow":["GET"]}}],"collection":[{"href":"https:\/\/agora.xtec.cat\/iesmontbui\/wp-json\/wp\/v2\/posts"}],"about":[{"href":"https:\/\/agora.xtec.cat\/iesmontbui\/wp-json\/wp\/v2\/types\/post"}],"author":[{"embeddable":true,"href":"https:\/\/agora.xtec.cat\/iesmontbui\/wp-json\/wp\/v2\/users\/66"}],"replies":[{"embeddable":true,"href":"https:\/\/agora.xtec.cat\/iesmontbui\/wp-json\/wp\/v2\/comments?post=10479"}],"version-history":[{"count":2,"href":"https:\/\/agora.xtec.cat\/iesmontbui\/wp-json\/wp\/v2\/posts\/10479\/revisions"}],"predecessor-version":[{"id":10485,"href":"https:\/\/agora.xtec.cat\/iesmontbui\/wp-json\/wp\/v2\/posts\/10479\/revisions\/10485"}],"wp:featuredmedia":[{"embeddable":true,"href":"https:\/\/agora.xtec.cat\/iesmontbui\/wp-json\/wp\/v2\/media\/10483"}],"wp:attachment":[{"href":"https:\/\/agora.xtec.cat\/iesmontbui\/wp-json\/wp\/v2\/media?parent=10479"}],"wp:term":[{"taxonomy":"category","embeddable":true,"href":"https:\/\/agora.xtec.cat\/iesmontbui\/wp-json\/wp\/v2\/categories?post=10479"},{"taxonomy":"post_tag","embeddable":true,"href":"https:\/\/agora.xtec.cat\/iesmontbui\/wp-json\/wp\/v2\/tags?post=10479"}],"curies":[{"name":"wp","href":"https:\/\/api.w.org\/{rel}","templated":true}]}}