{"id":10474,"date":"2024-11-15T10:54:46","date_gmt":"2024-11-15T09:54:46","guid":{"rendered":"https:\/\/agora.xtec.cat\/iesmontbui\/?p=10474"},"modified":"2024-11-15T10:58:00","modified_gmt":"2024-11-15T09:58:00","slug":"volcans-en-erupcio-2","status":"publish","type":"post","link":"https:\/\/agora.xtec.cat\/iesmontbui\/general\/volcans-en-erupcio-2\/","title":{"rendered":"Volcans en erupci\u00f3!"},"content":{"rendered":"<p>L&#8217;alumnat de primer d&#8217;ESO E, a la mat\u00e8ria de <strong>Ci\u00e8ncies Socials,<\/strong> ha estudiat en les darreres setmanes la formaci\u00f3 dels volcans. Per aprendre-ho d&#8217;una forma din\u00e0mica, els nois i noies, en grups de treball, han hagut d&#8217;<strong>elaborar una maqueta<\/strong> del volc\u00e0 que ells mateixos seleccionaven: entre aquests hi havia, per exemple, el de Santa Margarida, a Olot; el de la Cimera Vella, a Las Palmas; el del Parc nacional de Yellowstone, als Estats Units, i el Volc\u00e0 de Foc, a Guatemala.<\/p>\n<p>Una vegada l&#8217;han realitzada, han hagut de fer un experiment en qu\u00e8 han recreat l&#8217;erupci\u00f3 del volc\u00e0. Per a fer-ho, han necessitat<strong> bicarbonat, vinagre i colorant &#8211;<\/strong>aquest darrer, per recrear la lava-. L&#8217;alumnat ha pogut gaudir d&#8217;all\u00f2 m\u00e9s de la viv\u00e8ncia, aprenent d&#8217;una forma divertida com funciona el proc\u00e9s volc\u00e0nic.<\/p>\n<p>En aquest v\u00eddeo podeu veure l&#8217;experiment. M\u00e9s imatges, a l&#8217;Instagram del centre.<\/p>\n<div style=\"width: 848px;\" class=\"wp-video\"><!--[if lt IE 9]><script>document.createElement('video');<\/script><![endif]-->\n<video class=\"wp-video-shortcode\" id=\"video-10474-1\" width=\"848\" height=\"480\" preload=\"metadata\" controls=\"controls\"><source type=\"video\/mp4\" src=\"https:\/\/agora.xtec.cat\/iesmontbui\/wp-content\/uploads\/usu145\/2024\/11\/WhatsApp-Video-2024-11-15-at-10.32.22.mp4?_=1\" \/><a href=\"https:\/\/agora.xtec.cat\/iesmontbui\/wp-content\/uploads\/usu145\/2024\/11\/WhatsApp-Video-2024-11-15-at-10.32.22.mp4\">https:\/\/agora.xtec.cat\/iesmontbui\/wp-content\/uploads\/usu145\/2024\/11\/WhatsApp-Video-2024-11-15-at-10.32.22.mp4<\/a><\/video><\/div>\n<p>&nbsp;<\/p>\n<p>&nbsp;<\/p>\n<p>&nbsp;<\/p>\n<p>&nbsp;<\/p>\n<p>&nbsp;<\/p>\n<p>&nbsp;<\/p>\n","protected":false},"excerpt":{"rendered":"<p>L&#8217;alumnat de primer d&#8217;ESO E, a la mat\u00e8ria de Ci\u00e8ncies Socials, ha estudiat en les darreres setmanes la formaci\u00f3 dels volcans. Per aprendre-ho d&#8217;una forma din\u00e0mica, els nois i noies, en grups de treball, han hagut d&#8217;elaborar una maqueta del volc\u00e0 que ells mateixos seleccionaven:&hellip;  <a href=\"https:\/\/agora.xtec.cat\/iesmontbui\/general\/volcans-en-erupcio-2\/\" title=\"Read Volcans en erupci\u00f3!\">Llegeix m\u00e9s\u00bb<\/a><\/p>\n","protected":false},"author":66,"featured_media":10475,"comment_status":"open","ping_status":"closed","sticky":false,"template":"","format":"standard","meta":{"_bbp_topic_count":0,"_bbp_reply_count":0,"_bbp_total_topic_count":0,"_bbp_total_reply_count":0,"_bbp_voice_count":0,"_bbp_anonymous_reply_count":0,"_bbp_topic_count_hidden":0,"_bbp_reply_count_hidden":0,"_bbp_forum_subforum_count":0,"footnotes":""},"categories":[1,29],"tags":[109,1014,1015],"class_list":["post-10474","post","type-post","status-publish","format-standard","has-post-thumbnail","hentry","category-general","category-portada","tag-ciencies-socials","tag-maqueta-volcans","tag-maqueta-volcans-1-eso"],"post_mailing_queue_ids":[],"_links":{"self":[{"href":"https:\/\/agora.xtec.cat\/iesmontbui\/wp-json\/wp\/v2\/posts\/10474","targetHints":{"allow":["GET"]}}],"collection":[{"href":"https:\/\/agora.xtec.cat\/iesmontbui\/wp-json\/wp\/v2\/posts"}],"about":[{"href":"https:\/\/agora.xtec.cat\/iesmontbui\/wp-json\/wp\/v2\/types\/post"}],"author":[{"embeddable":true,"href":"https:\/\/agora.xtec.cat\/iesmontbui\/wp-json\/wp\/v2\/users\/66"}],"replies":[{"embeddable":true,"href":"https:\/\/agora.xtec.cat\/iesmontbui\/wp-json\/wp\/v2\/comments?post=10474"}],"version-history":[{"count":2,"href":"https:\/\/agora.xtec.cat\/iesmontbui\/wp-json\/wp\/v2\/posts\/10474\/revisions"}],"predecessor-version":[{"id":10478,"href":"https:\/\/agora.xtec.cat\/iesmontbui\/wp-json\/wp\/v2\/posts\/10474\/revisions\/10478"}],"wp:featuredmedia":[{"embeddable":true,"href":"https:\/\/agora.xtec.cat\/iesmontbui\/wp-json\/wp\/v2\/media\/10475"}],"wp:attachment":[{"href":"https:\/\/agora.xtec.cat\/iesmontbui\/wp-json\/wp\/v2\/media?parent=10474"}],"wp:term":[{"taxonomy":"category","embeddable":true,"href":"https:\/\/agora.xtec.cat\/iesmontbui\/wp-json\/wp\/v2\/categories?post=10474"},{"taxonomy":"post_tag","embeddable":true,"href":"https:\/\/agora.xtec.cat\/iesmontbui\/wp-json\/wp\/v2\/tags?post=10474"}],"curies":[{"name":"wp","href":"https:\/\/api.w.org\/{rel}","templated":true}]}}