{"id":10455,"date":"2024-11-13T22:39:28","date_gmt":"2024-11-13T21:39:28","guid":{"rendered":"https:\/\/agora.xtec.cat\/iesmontbui\/?p=10455"},"modified":"2024-11-15T10:29:32","modified_gmt":"2024-11-15T09:29:32","slug":"la-clara-i-la-beatrice-derasmus-a-lins-montbui","status":"publish","type":"post","link":"https:\/\/agora.xtec.cat\/iesmontbui\/portada\/la-clara-i-la-beatrice-derasmus-a-lins-montbui\/","title":{"rendered":"La Clara i la Beatrice, d&#8217;Erasmus+ a l&#8217;INS Montbui"},"content":{"rendered":"<p><a href=\"https:\/\/agora.xtec.cat\/iesmontbui\/wp-content\/uploads\/usu145\/2024\/11\/erasmus1-1.jpg\"><img loading=\"lazy\" decoding=\"async\" class=\" wp-image-10457 aligncenter\" src=\"https:\/\/agora.xtec.cat\/iesmontbui\/wp-content\/uploads\/usu145\/2024\/11\/erasmus1-1-225x300.jpg\" alt=\"\" width=\"281\" height=\"309\" \/><\/a><\/p>\n<p>El passat dilluns, 11 de novembre, van arribar les dues alumnes italianes que faran una estada de quinze dies a l&#8217;INS Montbui, gr\u00e0cies al programa <strong>Erasmus+. <\/strong>Es tracta de la <strong>Chiara Gex,<\/strong> que roman a casa de l&#8217;alumna del centre <strong>J\u00falia Mart\u00ednez,<\/strong> i la <strong>Beatrice Garzotto,<\/strong> que s&#8217;allotja a casa del tamb\u00e9 alumne de l&#8217;institut <strong>Ferran Garcia.<\/strong> Els amfitrions podran gaudir, m\u00e9s endavant, d\u2019una estada al centre de proced\u00e8ncia de les dues noies, el partner itali\u00e0 de l&#8217;INS Montbui, el <strong>Liceo Linguistico Courmayeur.<\/strong><\/p>\n<p>Tota la informaci\u00f3 del programa Erasmus+ la trobareu tamb\u00e9 clicant a l&#8217;apartat Erasmus+ en la part superior esquerra del web del centre: <a href=\"https:\/\/agora.xtec.cat\/iesmontbui\/activitats\/projectes\/plurilinguisme\/erasmus\/\">https:\/\/agora.xtec.cat\/iesmontbui\/activitats\/projectes\/plurilinguisme\/erasmus\/\u00a0<\/a><\/p>\n<p>&nbsp;<\/p>\n","protected":false},"excerpt":{"rendered":"<p><a href=\"https:\/\/agora.xtec.cat\/iesmontbui\/wp-content\/uploads\/usu145\/2024\/11\/erasmus1-1.jpg\"><\/a><br \/>\nEl passat dilluns, 11 de novembre, van arribar les dues alumnes italianes que faran una estada de quinze dies a l&#8217;INS Montbui, gr\u00e0cies al programa Erasmus+. Es tracta de la Chiara Gex, que roman a casa de l&#8217;alumna del centre J\u00falia Mart\u00ednez, i la&hellip;  <a href=\"https:\/\/agora.xtec.cat\/iesmontbui\/portada\/la-clara-i-la-beatrice-derasmus-a-lins-montbui\/\" title=\"Read La Clara i la Beatrice, d&#8217;Erasmus+ a l&#8217;INS Montbui\">Llegeix m\u00e9s\u00bb<\/a><\/p>\n","protected":false},"author":66,"featured_media":0,"comment_status":"open","ping_status":"closed","sticky":false,"template":"","format":"standard","meta":{"_bbp_topic_count":0,"_bbp_reply_count":0,"_bbp_total_topic_count":0,"_bbp_total_reply_count":0,"_bbp_voice_count":0,"_bbp_anonymous_reply_count":0,"_bbp_topic_count_hidden":0,"_bbp_reply_count_hidden":0,"_bbp_forum_subforum_count":0,"footnotes":""},"categories":[67,401,29],"tags":[1012,1011,610,1013,793],"class_list":["post-10455","post","type-post","status-publish","format-standard","hentry","category-batx-1","category-erasmus","category-portada","tag-beatrice-garzotto","tag-chiara-gex","tag-ferran-garcia","tag-julia-martinez","tag-liceo-linguistico-de-courmayeur"],"post_mailing_queue_ids":[],"_links":{"self":[{"href":"https:\/\/agora.xtec.cat\/iesmontbui\/wp-json\/wp\/v2\/posts\/10455","targetHints":{"allow":["GET"]}}],"collection":[{"href":"https:\/\/agora.xtec.cat\/iesmontbui\/wp-json\/wp\/v2\/posts"}],"about":[{"href":"https:\/\/agora.xtec.cat\/iesmontbui\/wp-json\/wp\/v2\/types\/post"}],"author":[{"embeddable":true,"href":"https:\/\/agora.xtec.cat\/iesmontbui\/wp-json\/wp\/v2\/users\/66"}],"replies":[{"embeddable":true,"href":"https:\/\/agora.xtec.cat\/iesmontbui\/wp-json\/wp\/v2\/comments?post=10455"}],"version-history":[{"count":3,"href":"https:\/\/agora.xtec.cat\/iesmontbui\/wp-json\/wp\/v2\/posts\/10455\/revisions"}],"predecessor-version":[{"id":10460,"href":"https:\/\/agora.xtec.cat\/iesmontbui\/wp-json\/wp\/v2\/posts\/10455\/revisions\/10460"}],"wp:attachment":[{"href":"https:\/\/agora.xtec.cat\/iesmontbui\/wp-json\/wp\/v2\/media?parent=10455"}],"wp:term":[{"taxonomy":"category","embeddable":true,"href":"https:\/\/agora.xtec.cat\/iesmontbui\/wp-json\/wp\/v2\/categories?post=10455"},{"taxonomy":"post_tag","embeddable":true,"href":"https:\/\/agora.xtec.cat\/iesmontbui\/wp-json\/wp\/v2\/tags?post=10455"}],"curies":[{"name":"wp","href":"https:\/\/api.w.org\/{rel}","templated":true}]}}