{"id":10448,"date":"2024-11-08T12:08:21","date_gmt":"2024-11-08T11:08:21","guid":{"rendered":"https:\/\/agora.xtec.cat\/iesmontbui\/?p=10448"},"modified":"2024-11-08T12:08:21","modified_gmt":"2024-11-08T11:08:21","slug":"comunicat-vaga-estudiantil-12-de-novembre","status":"publish","type":"post","link":"https:\/\/agora.xtec.cat\/iesmontbui\/general\/comunicat-vaga-estudiantil-12-de-novembre\/","title":{"rendered":"Comunicat: Vaga estudiantil (12 de novembre)"},"content":{"rendered":"<p><a href=\"https:\/\/agora.xtec.cat\/iesmontbui\/wp-content\/uploads\/usu145\/2024\/11\/reuniofamilies_model-12.jpg\"><img loading=\"lazy\" decoding=\"async\" class=\"wp-image-10450 aligncenter\" src=\"https:\/\/agora.xtec.cat\/iesmontbui\/wp-content\/uploads\/usu145\/2024\/11\/reuniofamilies_model-12-300x140.jpg\" alt=\"\" width=\"398\" height=\"186\" srcset=\"https:\/\/agora.xtec.cat\/iesmontbui\/wp-content\/uploads\/usu145\/2024\/11\/reuniofamilies_model-12-300x140.jpg 300w, https:\/\/agora.xtec.cat\/iesmontbui\/wp-content\/uploads\/usu145\/2024\/11\/reuniofamilies_model-12-768x359.jpg 768w, https:\/\/agora.xtec.cat\/iesmontbui\/wp-content\/uploads\/usu145\/2024\/11\/reuniofamilies_model-12.jpg 1024w\" sizes=\"auto, (max-width: 398px) 100vw, 398px\" \/><\/a><\/p>\n<p>&nbsp;<\/p>\n<p>El Sindicat d&#8217;Estudiants ha convocat aquest <strong>dimarts, 12 de novembre,<\/strong> una<a href=\"https:\/\/sindicatdestudiants.net\/index.php\/noticies\/movimient-estudiantil\/general\/1391-12-de-novembre-vaga-estudiantil-solidaritat-amb-el-poble-valencia\"> vaga d\u2019estudiants<\/a> en solidaritat amb el poble valenci\u00e0, arran de la gesti\u00f3 pol\u00edtica derivada de la DANA. <span style=\"font-family: inherit; font-size: 1em;\">En aquesta vaga s\u2019hi han adherit <\/span><strong style=\"font-family: inherit; font-size: 1em;\">tercer d&#8217;ESO A i C,<\/strong><span style=\"font-family: inherit; font-size: 1em;\">\u00a0els grups de<\/span><strong style=\"font-family: inherit; font-size: 1em;\"> quart d&#8217;ESO A, B, C, D i E,\u00a0<\/strong><span style=\"font-family: inherit; font-size: 1em;\">aix\u00ed com els grups de <\/span><strong style=\"font-family: inherit; font-size: 1em;\">primer de Batxillerat A i B<\/strong> i<span style=\"font-family: inherit; font-size: 1em;\">\u00a0el <\/span><strong style=\"font-family: inherit; font-size: 1em;\">PFI.\u00a0\u00a0<\/strong><\/p>\n<p>Recordem doncs que l\u2019alumnat que s\u2019adhereixi a la vaga i no vingui al centre ha de justificar-ho i, per tant, les fam\u00edlies que estigueu d\u2019acord amb el fet que els vostres fills exerceixin el dret a vaga cal que ompliu el justificant que l\u2019alumnat trobar\u00e0 impr\u00e8s a la consergeria del centre o que podeu descarregar en aquest\u00a0<a href=\"https:\/\/agora.xtec.cat\/iesmontbui\/wp-content\/uploads\/usu145\/2021\/03\/Regulaci%C3%B3-Vagues-Estudiants.pdf\">enlla\u00e7:<\/a><\/p>\n<p>EN CAP CAS PODEN ACOLLIR-SE A VAGA L\u2019ALUMNAT DE 1r i 2n D\u2019ESO.<\/p>\n<p>Atentament,<\/p>\n<p>L\u2019Equip Directiu<\/p>\n","protected":false},"excerpt":{"rendered":"<p><a href=\"https:\/\/agora.xtec.cat\/iesmontbui\/wp-content\/uploads\/usu145\/2024\/11\/reuniofamilies_model-12.jpg\"><\/a><br \/>\n&nbsp;<br \/>\nEl Sindicat d&#8217;Estudiants ha convocat aquest dimarts, 12 de novembre, una<a href=\"https:\/\/sindicatdestudiants.net\/index.php\/noticies\/movimient-estudiantil\/general\/1391-12-de-novembre-vaga-estudiantil-solidaritat-amb-el-poble-valencia\"> vaga d\u2019estudiants<\/a> en solidaritat amb el poble valenci\u00e0, arran de la gesti\u00f3 pol\u00edtica derivada de la DANA. En aquesta vaga s\u2019hi han adherit tercer d&#8217;ESO A i C,\u00a0els grups de quart d&#8217;ESO&hellip;  <a href=\"https:\/\/agora.xtec.cat\/iesmontbui\/general\/comunicat-vaga-estudiantil-12-de-novembre\/\" title=\"Read Comunicat: Vaga estudiantil (12 de novembre)\">Llegeix m\u00e9s\u00bb<\/a><\/p>\n","protected":false},"author":66,"featured_media":10450,"comment_status":"open","ping_status":"closed","sticky":false,"template":"","format":"standard","meta":{"_bbp_topic_count":0,"_bbp_reply_count":0,"_bbp_total_topic_count":0,"_bbp_total_reply_count":0,"_bbp_voice_count":0,"_bbp_anonymous_reply_count":0,"_bbp_topic_count_hidden":0,"_bbp_reply_count_hidden":0,"_bbp_forum_subforum_count":0,"footnotes":""},"categories":[67,19,21,24,25,26,66,354,1,62,29],"tags":[402,1006,1007,1008],"class_list":["post-10448","post","type-post","status-publish","format-standard","has-post-thumbnail","hentry","category-batx-1","category-eso-3a","category-eso-3c","category-eso-4a","category-eso-4b","category-eso-4c","category-eso_4d","category-eso-4e","category-general","category-orgacentre","category-portada","tag-sindicat-destudiants","tag-vaga-12n","tag-vaga-dana","tag-valencia"],"post_mailing_queue_ids":[],"_links":{"self":[{"href":"https:\/\/agora.xtec.cat\/iesmontbui\/wp-json\/wp\/v2\/posts\/10448","targetHints":{"allow":["GET"]}}],"collection":[{"href":"https:\/\/agora.xtec.cat\/iesmontbui\/wp-json\/wp\/v2\/posts"}],"about":[{"href":"https:\/\/agora.xtec.cat\/iesmontbui\/wp-json\/wp\/v2\/types\/post"}],"author":[{"embeddable":true,"href":"https:\/\/agora.xtec.cat\/iesmontbui\/wp-json\/wp\/v2\/users\/66"}],"replies":[{"embeddable":true,"href":"https:\/\/agora.xtec.cat\/iesmontbui\/wp-json\/wp\/v2\/comments?post=10448"}],"version-history":[{"count":2,"href":"https:\/\/agora.xtec.cat\/iesmontbui\/wp-json\/wp\/v2\/posts\/10448\/revisions"}],"predecessor-version":[{"id":10451,"href":"https:\/\/agora.xtec.cat\/iesmontbui\/wp-json\/wp\/v2\/posts\/10448\/revisions\/10451"}],"wp:featuredmedia":[{"embeddable":true,"href":"https:\/\/agora.xtec.cat\/iesmontbui\/wp-json\/wp\/v2\/media\/10450"}],"wp:attachment":[{"href":"https:\/\/agora.xtec.cat\/iesmontbui\/wp-json\/wp\/v2\/media?parent=10448"}],"wp:term":[{"taxonomy":"category","embeddable":true,"href":"https:\/\/agora.xtec.cat\/iesmontbui\/wp-json\/wp\/v2\/categories?post=10448"},{"taxonomy":"post_tag","embeddable":true,"href":"https:\/\/agora.xtec.cat\/iesmontbui\/wp-json\/wp\/v2\/tags?post=10448"}],"curies":[{"name":"wp","href":"https:\/\/api.w.org\/{rel}","templated":true}]}}