{"id":10437,"date":"2024-11-05T21:24:10","date_gmt":"2024-11-05T20:24:10","guid":{"rendered":"https:\/\/agora.xtec.cat\/iesmontbui\/?p=10437"},"modified":"2024-11-05T21:30:35","modified_gmt":"2024-11-05T20:30:35","slug":"crea-i-programa-el-teu-propi-robot","status":"publish","type":"post","link":"https:\/\/agora.xtec.cat\/iesmontbui\/portada\/crea-i-programa-el-teu-propi-robot\/","title":{"rendered":"Crea i programa el teu propi robot!"},"content":{"rendered":"<p><a href=\"https:\/\/agora.xtec.cat\/iesmontbui\/wp-content\/uploads\/usu145\/2024\/11\/WhatsApp-Image-2024-11-05-at-14.16.46-1.jpeg\"><img loading=\"lazy\" decoding=\"async\" class=\" wp-image-10438 aligncenter\" src=\"https:\/\/agora.xtec.cat\/iesmontbui\/wp-content\/uploads\/usu145\/2024\/11\/WhatsApp-Image-2024-11-05-at-14.16.46-1-300x300.jpeg\" alt=\"\" width=\"324\" height=\"319\" \/><\/a><\/p>\n<p>A partir del proper dimarts 12 de novembre, <strong>Crea i programa el teu propi robot.<\/strong> Es tracta d&#8217;una activitat dirigida a joves de 12 a 16 anys que es far\u00e0 cada dimarts, de les 16.00 a les 17.30 hores, al CCC La Vin\u00edcola de Santa Margarida de Montbui.<\/p>\n<p>M\u00e9s informaci\u00f3 de l&#8217;activitat al QR de la imatge (tamb\u00e9 la trobareu publicada a l&#8217;Instagram del centre).<\/p>\n","protected":false},"excerpt":{"rendered":"<p><a href=\"https:\/\/agora.xtec.cat\/iesmontbui\/wp-content\/uploads\/usu145\/2024\/11\/WhatsApp-Image-2024-11-05-at-14.16.46-1.jpeg\"><\/a><br \/>\nA partir del proper dimarts 12 de novembre, Crea i programa el teu propi robot. Es tracta d&#8217;una activitat dirigida a joves de 12 a 16 anys que es far\u00e0 cada dimarts, de les 16.00 a les 17.30 hores, al CCC La Vin\u00edcola de&hellip;  <a href=\"https:\/\/agora.xtec.cat\/iesmontbui\/portada\/crea-i-programa-el-teu-propi-robot\/\" title=\"Read Crea i programa el teu propi robot!\">Llegeix m\u00e9s\u00bb<\/a><\/p>\n","protected":false},"author":66,"featured_media":10433,"comment_status":"open","ping_status":"closed","sticky":false,"template":"","format":"standard","meta":{"_bbp_topic_count":0,"_bbp_reply_count":0,"_bbp_total_topic_count":0,"_bbp_total_reply_count":0,"_bbp_voice_count":0,"_bbp_anonymous_reply_count":0,"_bbp_topic_count_hidden":0,"_bbp_reply_count_hidden":0,"_bbp_forum_subforum_count":0,"footnotes":""},"categories":[29],"tags":[1002,1001],"class_list":["post-10437","post","type-post","status-publish","format-standard","has-post-thumbnail","hentry","category-portada","tag-ccc-la-vinicola","tag-crea-i-programa-el-teu-propi-robot"],"post_mailing_queue_ids":[],"_links":{"self":[{"href":"https:\/\/agora.xtec.cat\/iesmontbui\/wp-json\/wp\/v2\/posts\/10437","targetHints":{"allow":["GET"]}}],"collection":[{"href":"https:\/\/agora.xtec.cat\/iesmontbui\/wp-json\/wp\/v2\/posts"}],"about":[{"href":"https:\/\/agora.xtec.cat\/iesmontbui\/wp-json\/wp\/v2\/types\/post"}],"author":[{"embeddable":true,"href":"https:\/\/agora.xtec.cat\/iesmontbui\/wp-json\/wp\/v2\/users\/66"}],"replies":[{"embeddable":true,"href":"https:\/\/agora.xtec.cat\/iesmontbui\/wp-json\/wp\/v2\/comments?post=10437"}],"version-history":[{"count":3,"href":"https:\/\/agora.xtec.cat\/iesmontbui\/wp-json\/wp\/v2\/posts\/10437\/revisions"}],"predecessor-version":[{"id":10443,"href":"https:\/\/agora.xtec.cat\/iesmontbui\/wp-json\/wp\/v2\/posts\/10437\/revisions\/10443"}],"wp:featuredmedia":[{"embeddable":true,"href":"https:\/\/agora.xtec.cat\/iesmontbui\/wp-json\/wp\/v2\/media\/10433"}],"wp:attachment":[{"href":"https:\/\/agora.xtec.cat\/iesmontbui\/wp-json\/wp\/v2\/media?parent=10437"}],"wp:term":[{"taxonomy":"category","embeddable":true,"href":"https:\/\/agora.xtec.cat\/iesmontbui\/wp-json\/wp\/v2\/categories?post=10437"},{"taxonomy":"post_tag","embeddable":true,"href":"https:\/\/agora.xtec.cat\/iesmontbui\/wp-json\/wp\/v2\/tags?post=10437"}],"curies":[{"name":"wp","href":"https:\/\/api.w.org\/{rel}","templated":true}]}}