{"id":10426,"date":"2024-10-31T19:18:53","date_gmt":"2024-10-31T18:18:53","guid":{"rendered":"https:\/\/agora.xtec.cat\/iesmontbui\/?p=10426"},"modified":"2024-10-31T19:18:53","modified_gmt":"2024-10-31T18:18:53","slug":"tatreveixes-a-crear-el-teu-propi-temas","status":"publish","type":"post","link":"https:\/\/agora.xtec.cat\/iesmontbui\/portada\/tatreveixes-a-crear-el-teu-propi-temas\/","title":{"rendered":"T&#8217;atreveixes a crear el teu propi &#8216;tem\u00e0s&#8217;?"},"content":{"rendered":"<p><a href=\"https:\/\/agora.xtec.cat\/iesmontbui\/wp-content\/uploads\/usu145\/2024\/10\/WhatsApp-Image-2024-10-31-at-15.10.42.jpeg\"><img loading=\"lazy\" decoding=\"async\" class=\"size-medium wp-image-10427 aligncenter\" src=\"https:\/\/agora.xtec.cat\/iesmontbui\/wp-content\/uploads\/usu145\/2024\/10\/WhatsApp-Image-2024-10-31-at-15.10.42-300x300.jpeg\" alt=\"\" width=\"300\" height=\"300\" \/><\/a><\/p>\n<p>Est\u00e0s llest\/a per fer m\u00fasica? \ud83c\udfa7 Uneix-te al <strong>taller gratu\u00eft sobre formaci\u00f3 en producci\u00f3 musical, sonora i noves tecnologies!<\/strong><\/p>\n<p>\ud83d\udcc5 Dates: 28 de novembre \/ 3 de desembre \/ 10 de desembre \/ 12 de desembre.<br \/>\n\u23f0 Hora: 18:00 &#8211; 19:30h<br \/>\n\ud83d\udccd Lloc: <span class=\"x7l2uk3 xt0e3qv\">@institut_montbui<\/span><\/p>\n<p>Durant el taller, aprendr\u00e0s sobre context hist\u00f2ric, instruments anal\u00f2gics i digitals, samplers, caixes de ritme, processadors, DAWs\/sistemes de gravaci\u00f3 i mescla&#8230; i molt m\u00e9s!<\/p>\n<p>Si tens entre 12 i 16 anys, no et perdis aquesta oportunitat per aprendre i crear els teus propis temes musicals!<\/p>\n<p>\ud83d\udd17 Inscripcions obertes! Escriu-nos per reservar la teva pla\u00e7a!<br \/>\nhttps:\/\/forms.gle\/AWbG1h3mbdKnV2cy9<\/p>\n<p>\ud83d\udca5 T&#8217;hi apuntes? Fes c\u00f3rrer la veu! \ud83d\udce2 <span class=\"x7l2uk3 xt0e3qv\">@montjove<\/span> <span class=\"x7l2uk3 xt0e3qv\">@ajmontbui<\/span><\/p>\n","protected":false},"excerpt":{"rendered":"<p><a href=\"https:\/\/agora.xtec.cat\/iesmontbui\/wp-content\/uploads\/usu145\/2024\/10\/WhatsApp-Image-2024-10-31-at-15.10.42.jpeg\"><\/a><br \/>\nEst\u00e0s llest\/a per fer m\u00fasica? \ud83c\udfa7 Uneix-te al taller gratu\u00eft sobre formaci\u00f3 en producci\u00f3 musical, sonora i noves tecnologies!<br \/>\n\ud83d\udcc5 Dates: 28 de novembre \/ 3 de desembre \/ 10 de desembre \/ 12 de desembre.<br \/>\n\u23f0 Hora: 18:00 &#8211; 19:30h<br \/>\n\ud83d\udccd Lloc: @institut_montbui<br \/>\nDurant el taller, aprendr\u00e0s&hellip;  <a href=\"https:\/\/agora.xtec.cat\/iesmontbui\/portada\/tatreveixes-a-crear-el-teu-propi-temas\/\" title=\"Read T&#8217;atreveixes a crear el teu propi &#8216;tem\u00e0s&#8217;?\">Llegeix m\u00e9s\u00bb<\/a><\/p>\n","protected":false},"author":66,"featured_media":10427,"comment_status":"open","ping_status":"closed","sticky":false,"template":"","format":"standard","meta":{"_bbp_topic_count":0,"_bbp_reply_count":0,"_bbp_total_topic_count":0,"_bbp_total_reply_count":0,"_bbp_voice_count":0,"_bbp_anonymous_reply_count":0,"_bbp_topic_count_hidden":0,"_bbp_reply_count_hidden":0,"_bbp_forum_subforum_count":0,"footnotes":""},"categories":[29],"tags":[991,932,993,992,990],"class_list":["post-10426","post","type-post","status-publish","format-standard","has-post-thumbnail","hentry","category-portada","tag-ajuntament-santa-margarida-de-montbui","tag-montjove","tag-sonora-i-noves-tecnologies","tag-taller-formacio-en-produccio-musical","tag-taller-musica"],"post_mailing_queue_ids":[],"_links":{"self":[{"href":"https:\/\/agora.xtec.cat\/iesmontbui\/wp-json\/wp\/v2\/posts\/10426","targetHints":{"allow":["GET"]}}],"collection":[{"href":"https:\/\/agora.xtec.cat\/iesmontbui\/wp-json\/wp\/v2\/posts"}],"about":[{"href":"https:\/\/agora.xtec.cat\/iesmontbui\/wp-json\/wp\/v2\/types\/post"}],"author":[{"embeddable":true,"href":"https:\/\/agora.xtec.cat\/iesmontbui\/wp-json\/wp\/v2\/users\/66"}],"replies":[{"embeddable":true,"href":"https:\/\/agora.xtec.cat\/iesmontbui\/wp-json\/wp\/v2\/comments?post=10426"}],"version-history":[{"count":1,"href":"https:\/\/agora.xtec.cat\/iesmontbui\/wp-json\/wp\/v2\/posts\/10426\/revisions"}],"predecessor-version":[{"id":10428,"href":"https:\/\/agora.xtec.cat\/iesmontbui\/wp-json\/wp\/v2\/posts\/10426\/revisions\/10428"}],"wp:featuredmedia":[{"embeddable":true,"href":"https:\/\/agora.xtec.cat\/iesmontbui\/wp-json\/wp\/v2\/media\/10427"}],"wp:attachment":[{"href":"https:\/\/agora.xtec.cat\/iesmontbui\/wp-json\/wp\/v2\/media?parent=10426"}],"wp:term":[{"taxonomy":"category","embeddable":true,"href":"https:\/\/agora.xtec.cat\/iesmontbui\/wp-json\/wp\/v2\/categories?post=10426"},{"taxonomy":"post_tag","embeddable":true,"href":"https:\/\/agora.xtec.cat\/iesmontbui\/wp-json\/wp\/v2\/tags?post=10426"}],"curies":[{"name":"wp","href":"https:\/\/api.w.org\/{rel}","templated":true}]}}