{"id":10387,"date":"2024-10-24T19:17:45","date_gmt":"2024-10-24T17:17:45","guid":{"rendered":"https:\/\/agora.xtec.cat\/iesmontbui\/?p=10387"},"modified":"2024-10-24T19:17:45","modified_gmt":"2024-10-24T17:17:45","slug":"sortida-al-zoo-de-barcelona-1r-deso-19-11","status":"publish","type":"post","link":"https:\/\/agora.xtec.cat\/iesmontbui\/general\/sortida-al-zoo-de-barcelona-1r-deso-19-11\/","title":{"rendered":"Sortida al Zoo de Barcelona (1r d&#8217;ESO, 19\/11)"},"content":{"rendered":"<p><a href=\"https:\/\/agora.xtec.cat\/iesmontbui\/wp-content\/uploads\/usu145\/2024\/10\/201505zoo-barcelona-760x428-1.jpg\"><img loading=\"lazy\" decoding=\"async\" class=\" wp-image-10388 aligncenter\" src=\"https:\/\/agora.xtec.cat\/iesmontbui\/wp-content\/uploads\/usu145\/2024\/10\/201505zoo-barcelona-760x428-1-300x169.jpg\" alt=\"\" width=\"322\" height=\"201\" \/><\/a><\/p>\n<p>El proper<strong> dimarts 19 de novembre<\/strong> tindr\u00e0 lloc una sortida al <strong>Zoo de Barcelona<\/strong>, dirigida a l&#8217;alumnat de primer d&#8217;ESO. Se sortir\u00e0 a les 8 del mat\u00ed des de l&#8217;institut i es retornar\u00e0 al mateix dia, entre les 15.30 i les 16 hores.<\/p>\n<p><strong>El programa de l\u2019activitat \u00e9s el seg\u00fcent:\u00a0<\/strong><\/p>\n<p>\u25cf 08:00 &#8211; 08:30 h &#8211; Passar llista i pujar al bus.<br \/>\n\u25cf 08:30 &#8211; 09:30 h &#8211; Viatge en autob\u00fas fins a Barcelona.<br \/>\n\u25cf 09:30 &#8211; 10:00 h &#8211; Esmorzar al parc de la Ciutadella.<br \/>\n\u25cf 10:00 &#8211; 12:00 h &#8211; Visita guiada pel Zoo \/\/ Dossier d\u2019exercicis del Zoo<br \/>\n\u25cf 12:15 &#8211; 14:00 h &#8211; Dossier d\u2019exercicis del Zoo \/\/ Visita guiada pel Zoo<br \/>\n\u25cf 14:00 &#8211; 14:30 h &#8211; Dinar<br \/>\n\u25cf 14:30 &#8211; 15:30 h\u00a0 (Aproximadament) Tornada a Montbui<\/p>\n<p>Cal que l&#8217;alumnat porti:<br \/>\n<strong>&#8211; 2 esmorzars, dinar i aigua.<\/strong><br \/>\n<strong>&#8211; Estoig i un suport per escriure.<\/strong><br \/>\n<strong>&#8211; Paraig\u00fces o gorra (segons previsi\u00f3 meteorol\u00f2gica).<\/strong><\/p>\n<p>Est\u00e0 expressament<strong> prohibit dur el m\u00f2bil, <\/strong>ja que no els fa falta per cap activitat i si s&#8217;arriba tard s&#8217;avisar\u00e0 a trav\u00e9s de l\u2019Instagram de l\u2019Institut. El preu de la sortida \u00e9s de <strong>9,75 euros, per\u00f2 l\u2019activitat \u00e9s finan\u00e7ada per alumnes que tenen motxilla escolar.<\/strong><\/p>\n<p>IMPORTANT: Cal tenir en compte que, en cas de no assistir a la sortida, el centre no retornar\u00e0 els diners i aquests es descomptaran igualment de la motxilla escolar.<\/p>\n","protected":false},"excerpt":{"rendered":"<p><a href=\"https:\/\/agora.xtec.cat\/iesmontbui\/wp-content\/uploads\/usu145\/2024\/10\/201505zoo-barcelona-760x428-1.jpg\"><\/a><br \/>\nEl proper dimarts 19 de novembre tindr\u00e0 lloc una sortida al Zoo de Barcelona, dirigida a l&#8217;alumnat de primer d&#8217;ESO. Se sortir\u00e0 a les 8 del mat\u00ed des de l&#8217;institut i es retornar\u00e0 al mateix dia, entre les 15.30 i les 16 hores.<br \/>\nEl programa&hellip;  <a href=\"https:\/\/agora.xtec.cat\/iesmontbui\/general\/sortida-al-zoo-de-barcelona-1r-deso-19-11\/\" title=\"Read Sortida al Zoo de Barcelona (1r d&#8217;ESO, 19\/11)\">Llegeix m\u00e9s\u00bb<\/a><\/p>\n","protected":false},"author":66,"featured_media":10388,"comment_status":"open","ping_status":"closed","sticky":false,"template":"","format":"standard","meta":{"_bbp_topic_count":0,"_bbp_reply_count":0,"_bbp_total_topic_count":0,"_bbp_total_reply_count":0,"_bbp_voice_count":0,"_bbp_anonymous_reply_count":0,"_bbp_topic_count_hidden":0,"_bbp_reply_count_hidden":0,"_bbp_forum_subforum_count":0,"footnotes":""},"categories":[3,4,1,29],"tags":[385,972,970,971],"class_list":["post-10387","post","type-post","status-publish","format-standard","has-post-thumbnail","hentry","category-eso","category-eso-1","category-general","category-portada","tag-sortida-1-eso","tag-sortida-zoo-1-eso","tag-zoo","tag-zoo-barcelona"],"post_mailing_queue_ids":[],"_links":{"self":[{"href":"https:\/\/agora.xtec.cat\/iesmontbui\/wp-json\/wp\/v2\/posts\/10387","targetHints":{"allow":["GET"]}}],"collection":[{"href":"https:\/\/agora.xtec.cat\/iesmontbui\/wp-json\/wp\/v2\/posts"}],"about":[{"href":"https:\/\/agora.xtec.cat\/iesmontbui\/wp-json\/wp\/v2\/types\/post"}],"author":[{"embeddable":true,"href":"https:\/\/agora.xtec.cat\/iesmontbui\/wp-json\/wp\/v2\/users\/66"}],"replies":[{"embeddable":true,"href":"https:\/\/agora.xtec.cat\/iesmontbui\/wp-json\/wp\/v2\/comments?post=10387"}],"version-history":[{"count":3,"href":"https:\/\/agora.xtec.cat\/iesmontbui\/wp-json\/wp\/v2\/posts\/10387\/revisions"}],"predecessor-version":[{"id":10391,"href":"https:\/\/agora.xtec.cat\/iesmontbui\/wp-json\/wp\/v2\/posts\/10387\/revisions\/10391"}],"wp:featuredmedia":[{"embeddable":true,"href":"https:\/\/agora.xtec.cat\/iesmontbui\/wp-json\/wp\/v2\/media\/10388"}],"wp:attachment":[{"href":"https:\/\/agora.xtec.cat\/iesmontbui\/wp-json\/wp\/v2\/media?parent=10387"}],"wp:term":[{"taxonomy":"category","embeddable":true,"href":"https:\/\/agora.xtec.cat\/iesmontbui\/wp-json\/wp\/v2\/categories?post=10387"},{"taxonomy":"post_tag","embeddable":true,"href":"https:\/\/agora.xtec.cat\/iesmontbui\/wp-json\/wp\/v2\/tags?post=10387"}],"curies":[{"name":"wp","href":"https:\/\/api.w.org\/{rel}","templated":true}]}}