{"id":10356,"date":"2024-10-09T14:23:21","date_gmt":"2024-10-09T12:23:21","guid":{"rendered":"https:\/\/agora.xtec.cat\/iesmontbui\/?p=10356"},"modified":"2024-10-31T18:31:42","modified_gmt":"2024-10-31T17:31:42","slug":"la-castanyada-ben-decorada","status":"publish","type":"post","link":"https:\/\/agora.xtec.cat\/iesmontbui\/general\/la-castanyada-ben-decorada\/","title":{"rendered":"La Castanyada, ben decorada!"},"content":{"rendered":"<p><a href=\"https:\/\/agora.xtec.cat\/iesmontbui\/wp-content\/uploads\/usu145\/2024\/10\/Cartell-castanyada-2024-2.jpg\"><img loading=\"lazy\" decoding=\"async\" class=\" wp-image-10359 aligncenter\" src=\"https:\/\/agora.xtec.cat\/iesmontbui\/wp-content\/uploads\/usu145\/2024\/10\/Cartell-castanyada-2024-2-212x300.jpg\" alt=\"\" width=\"236\" height=\"334\" srcset=\"https:\/\/agora.xtec.cat\/iesmontbui\/wp-content\/uploads\/usu145\/2024\/10\/Cartell-castanyada-2024-2-212x300.jpg 212w, https:\/\/agora.xtec.cat\/iesmontbui\/wp-content\/uploads\/usu145\/2024\/10\/Cartell-castanyada-2024-2-724x1024.jpg 724w, https:\/\/agora.xtec.cat\/iesmontbui\/wp-content\/uploads\/usu145\/2024\/10\/Cartell-castanyada-2024-2-768x1086.jpg 768w, https:\/\/agora.xtec.cat\/iesmontbui\/wp-content\/uploads\/usu145\/2024\/10\/Cartell-castanyada-2024-2-1086x1536.jpg 1086w, https:\/\/agora.xtec.cat\/iesmontbui\/wp-content\/uploads\/usu145\/2024\/10\/Cartell-castanyada-2024-2.jpg 1414w\" sizes=\"auto, (max-width: 236px) 100vw, 236px\" \/><\/a><\/p>\n<p>El proper dijous 31 d&#8217;octubre l&#8217;Institut Montbui celebrar\u00e0 la festa de la <strong>Castanyada 2024.<\/strong> I ho far\u00e0 premiant a la <strong>millor classe decorada<\/strong> d&#8217;aquesta tem\u00e0tica. Aix\u00ed, hi haur\u00e0 un premi per a cada nivell, que es tractar\u00e0 d&#8217;un esmorzar. I com \u00e9s habitual, no hi faltaran les castanyes i els moniatos, que es vendran durant el primer pati, el qual durar\u00e0 aquell dia 30 minuts.<\/p>\n<p><strong>Packs i pagaments\u00a0<\/strong><\/p>\n<p>Els packs seran els seg\u00fcents:<\/p>\n<ul>\n<li><strong>Socis de l&#8217;AFA: gratis 6 castanyes i un tros de moniato\u00a0<\/strong><\/li>\n<li><strong>3 castanyes: 50 c\u00e8ntims<\/strong><\/li>\n<li><strong>6 castanyes: 1 euro\u00a0<\/strong><\/li>\n<li><strong>3 castanyes i un tros de moniato: 1 euro<\/strong><\/li>\n<li><strong>2 trossos de moniato: 50 c\u00e8ntims\u00a0<\/strong><\/li>\n<li><strong>6 castanyes i 2 trossos de moniato: 1,50 euros.\u00a0<\/strong><\/li>\n<\/ul>\n<p>Aquests es podran encarregar i pagar abans a l&#8217;AFA o el mateix dia, al pati.<\/p>\n<p>Per pagar amb antel\u00b7laci\u00f3, l&#8217;horari de l&#8217;AFA \u00e9s el seg\u00fcent: tots els dimarts i els dies 28, 29 i 30 d&#8217;octubre de 16 a 18 hores. Quan pagueu, us donaran un tiquet v\u00e0lid per recollir el pack el 31 d&#8217;octubre.<\/p>\n","protected":false},"excerpt":{"rendered":"<p><a href=\"https:\/\/agora.xtec.cat\/iesmontbui\/wp-content\/uploads\/usu145\/2024\/10\/Cartell-castanyada-2024-2.jpg\"><\/a><br \/>\nEl proper dijous 31 d&#8217;octubre l&#8217;Institut Montbui celebrar\u00e0 la festa de la Castanyada 2024. I ho far\u00e0 premiant a la millor classe decorada d&#8217;aquesta tem\u00e0tica. Aix\u00ed, hi haur\u00e0 un premi per a cada nivell, que es tractar\u00e0 d&#8217;un esmorzar. I com \u00e9s habitual, no&hellip;  <a href=\"https:\/\/agora.xtec.cat\/iesmontbui\/general\/la-castanyada-ben-decorada\/\" title=\"Read La Castanyada, ben decorada!\">Llegeix m\u00e9s\u00bb<\/a><\/p>\n","protected":false},"author":66,"featured_media":10362,"comment_status":"open","ping_status":"closed","sticky":false,"template":"","format":"standard","meta":{"_bbp_topic_count":0,"_bbp_reply_count":0,"_bbp_total_topic_count":0,"_bbp_total_reply_count":0,"_bbp_voice_count":0,"_bbp_anonymous_reply_count":0,"_bbp_topic_count_hidden":0,"_bbp_reply_count_hidden":0,"_bbp_forum_subforum_count":0,"footnotes":""},"categories":[31,1,29],"tags":[188,960,961],"class_list":["post-10356","post","type-post","status-publish","format-standard","has-post-thumbnail","hentry","category-ampa","category-general","category-portada","tag-castanyada","tag-castanyada-2024","tag-castanyada-ins-montbui"],"post_mailing_queue_ids":[],"_links":{"self":[{"href":"https:\/\/agora.xtec.cat\/iesmontbui\/wp-json\/wp\/v2\/posts\/10356","targetHints":{"allow":["GET"]}}],"collection":[{"href":"https:\/\/agora.xtec.cat\/iesmontbui\/wp-json\/wp\/v2\/posts"}],"about":[{"href":"https:\/\/agora.xtec.cat\/iesmontbui\/wp-json\/wp\/v2\/types\/post"}],"author":[{"embeddable":true,"href":"https:\/\/agora.xtec.cat\/iesmontbui\/wp-json\/wp\/v2\/users\/66"}],"replies":[{"embeddable":true,"href":"https:\/\/agora.xtec.cat\/iesmontbui\/wp-json\/wp\/v2\/comments?post=10356"}],"version-history":[{"count":3,"href":"https:\/\/agora.xtec.cat\/iesmontbui\/wp-json\/wp\/v2\/posts\/10356\/revisions"}],"predecessor-version":[{"id":10397,"href":"https:\/\/agora.xtec.cat\/iesmontbui\/wp-json\/wp\/v2\/posts\/10356\/revisions\/10397"}],"wp:featuredmedia":[{"embeddable":true,"href":"https:\/\/agora.xtec.cat\/iesmontbui\/wp-json\/wp\/v2\/media\/10362"}],"wp:attachment":[{"href":"https:\/\/agora.xtec.cat\/iesmontbui\/wp-json\/wp\/v2\/media?parent=10356"}],"wp:term":[{"taxonomy":"category","embeddable":true,"href":"https:\/\/agora.xtec.cat\/iesmontbui\/wp-json\/wp\/v2\/categories?post=10356"},{"taxonomy":"post_tag","embeddable":true,"href":"https:\/\/agora.xtec.cat\/iesmontbui\/wp-json\/wp\/v2\/tags?post=10356"}],"curies":[{"name":"wp","href":"https:\/\/api.w.org\/{rel}","templated":true}]}}