{"id":10317,"date":"2024-10-03T18:10:01","date_gmt":"2024-10-03T16:10:01","guid":{"rendered":"https:\/\/agora.xtec.cat\/iesmontbui\/?p=10317"},"modified":"2024-10-04T14:56:41","modified_gmt":"2024-10-04T12:56:41","slug":"erasmus-welcome-benvenutti-estelle","status":"publish","type":"post","link":"https:\/\/agora.xtec.cat\/iesmontbui\/batxillerat\/erasmus-welcome-benvenutti-estelle\/","title":{"rendered":"Erasmus+: Welcome, Benvenuta Estelle!"},"content":{"rendered":"<p><a href=\"https:\/\/agora.xtec.cat\/iesmontbui\/wp-content\/uploads\/usu145\/2024\/10\/b5d483fb-9fdc-41c4-8143-d48a98299e90-1.jpg\"><img loading=\"lazy\" decoding=\"async\" class=\" wp-image-10318 aligncenter\" src=\"https:\/\/agora.xtec.cat\/iesmontbui\/wp-content\/uploads\/usu145\/2024\/10\/b5d483fb-9fdc-41c4-8143-d48a98299e90-1-300x139.jpg\" alt=\"\" width=\"336\" height=\"165\" \/><\/a><\/p>\n<p>L&#8217;<strong>Estelle B\u00e9d\u00e9<\/strong> \u00e9s una alumna italiana del centre <strong>Liceo Linguistico Courmayeur<\/strong> que ha arribat fa pocs dies al centre, en el marc del programa de <strong>mobilitat llarga<\/strong> del programa <strong>Erasmus+. <\/strong>\u00c9s\u00a0acollida per la fam\u00edlia de l<strong>\u2019Irene Vicho,<\/strong> alumna de primer de Batxillerat. La noia dur\u00e0 a terme una estada de 37 dies al nostre institut, on compartir\u00e0 classes amb la Irene i altres companys per tal de practicar i perfeccionar el seu domini de la llengua espanyola.\u00a0L&#8217;alumna ha explicat al web com ha estat la seva primera setmana al centre:<\/p>\n<p>(Angl\u00e8s)<\/p>\n<p><em>Hi! I&#8217;m Estelle, an Italian girl currently spending five weeks in Spain as part of an exchange program. <\/em><br \/>\n<em>So far, my experience has been wonderful. <\/em><\/p>\n<p><em>My first week here has flown by, and I\u2019ve felt incredibly welcomed by everyone, especially at school. The teachers and students have been so kind, and I&#8217;ve been attending my classes with my host, Irene. I was able to make new friends and improve my Spanish.<\/em><\/p>\n<p><em>Outside of school, I\u2019ve already had the opportunity to explore some beautiful places with Irene and her family. We recently visited Igualada.<\/em><\/p>\n<p><em>I feel lucky to be here and I\u2019m looking forward to the next few weeks!<\/em><\/p>\n<p>(Castell\u00e0)<\/p>\n<p>\u00a1Hola! Soy Estelle, una chica italiana que est\u00e1 pasando cinco semanas en Espa\u00f1a como parte de un programa de intercambio. Hasta ahora, mi experiencia ha sido maravillosa.<\/p>\n<p>Mi primera semana aqu\u00ed ha pasado volando, y me he sentido muy bienvenida por todos, especialmente en la escuela. Los profesores y los estudiantes han sido muy amables, y he estado asistiendo a mis clases con mi anfitriona, Irene. He podido hacer nuevos amigos y mejorar mi espa\u00f1ol.<\/p>\n<p>Fuera de la escuela, ya he tenido la oportunidad de explorar algunos lugares hermosos con Irene y su familia. Recientemente visitamos Igualada.<\/p>\n<p>\u00a1Me siento afortunada de estar aqu\u00ed y estoy deseando ver qu\u00e9 me deparan las pr\u00f3ximas semanas!<\/p>\n<p>Podeu consultar tota la informaci\u00f3 referent al programa Erasmus+ en aquest <a href=\"https:\/\/agora.xtec.cat\/iesmontbui\/activitats\/projectes\/plurilinguisme\/erasmus\/\">enlla\u00e7\u00a0<\/a><\/p>\n","protected":false},"excerpt":{"rendered":"<p><a href=\"https:\/\/agora.xtec.cat\/iesmontbui\/wp-content\/uploads\/usu145\/2024\/10\/b5d483fb-9fdc-41c4-8143-d48a98299e90-1.jpg\"><\/a><br \/>\nL&#8217;Estelle B\u00e9d\u00e9 \u00e9s una alumna italiana del centre Liceo Linguistico Courmayeur que ha arribat fa pocs dies al centre, en el marc del programa de mobilitat llarga del programa Erasmus+. \u00c9s\u00a0acollida per la fam\u00edlia de l\u2019Irene Vicho, alumna de primer de Batxillerat. La noia&hellip;  <a href=\"https:\/\/agora.xtec.cat\/iesmontbui\/batxillerat\/erasmus-welcome-benvenutti-estelle\/\" title=\"Read Erasmus+: Welcome, Benvenuta Estelle!\">Llegeix m\u00e9s\u00bb<\/a><\/p>\n","protected":false},"author":66,"featured_media":10318,"comment_status":"open","ping_status":"closed","sticky":false,"template":"","format":"standard","meta":{"_bbp_topic_count":0,"_bbp_reply_count":0,"_bbp_total_topic_count":0,"_bbp_total_reply_count":0,"_bbp_voice_count":0,"_bbp_anonymous_reply_count":0,"_bbp_topic_count_hidden":0,"_bbp_reply_count_hidden":0,"_bbp_forum_subforum_count":0,"footnotes":""},"categories":[67,8,401,29],"tags":[96,950,951,609,793,949],"class_list":["post-10317","post","type-post","status-publish","format-standard","has-post-thumbnail","hentry","category-batx-1","category-batxillerat","category-erasmus","category-portada","tag-erasmus","tag-erasmus-ins-montbui","tag-estelle-bede","tag-irene-vicho","tag-liceo-linguistico-de-courmayeur","tag-mobilitat-llarga-erasmus"],"post_mailing_queue_ids":[],"_links":{"self":[{"href":"https:\/\/agora.xtec.cat\/iesmontbui\/wp-json\/wp\/v2\/posts\/10317","targetHints":{"allow":["GET"]}}],"collection":[{"href":"https:\/\/agora.xtec.cat\/iesmontbui\/wp-json\/wp\/v2\/posts"}],"about":[{"href":"https:\/\/agora.xtec.cat\/iesmontbui\/wp-json\/wp\/v2\/types\/post"}],"author":[{"embeddable":true,"href":"https:\/\/agora.xtec.cat\/iesmontbui\/wp-json\/wp\/v2\/users\/66"}],"replies":[{"embeddable":true,"href":"https:\/\/agora.xtec.cat\/iesmontbui\/wp-json\/wp\/v2\/comments?post=10317"}],"version-history":[{"count":6,"href":"https:\/\/agora.xtec.cat\/iesmontbui\/wp-json\/wp\/v2\/posts\/10317\/revisions"}],"predecessor-version":[{"id":10331,"href":"https:\/\/agora.xtec.cat\/iesmontbui\/wp-json\/wp\/v2\/posts\/10317\/revisions\/10331"}],"wp:featuredmedia":[{"embeddable":true,"href":"https:\/\/agora.xtec.cat\/iesmontbui\/wp-json\/wp\/v2\/media\/10318"}],"wp:attachment":[{"href":"https:\/\/agora.xtec.cat\/iesmontbui\/wp-json\/wp\/v2\/media?parent=10317"}],"wp:term":[{"taxonomy":"category","embeddable":true,"href":"https:\/\/agora.xtec.cat\/iesmontbui\/wp-json\/wp\/v2\/categories?post=10317"},{"taxonomy":"post_tag","embeddable":true,"href":"https:\/\/agora.xtec.cat\/iesmontbui\/wp-json\/wp\/v2\/tags?post=10317"}],"curies":[{"name":"wp","href":"https:\/\/api.w.org\/{rel}","templated":true}]}}