{"id":10282,"date":"2024-09-28T13:01:54","date_gmt":"2024-09-28T11:01:54","guid":{"rendered":"https:\/\/agora.xtec.cat\/iesmontbui\/?p=10282"},"modified":"2024-09-28T13:01:54","modified_gmt":"2024-09-28T11:01:54","slug":"despertant-mes-vocacions-cientifiques","status":"publish","type":"post","link":"https:\/\/agora.xtec.cat\/iesmontbui\/batxillerat\/despertant-mes-vocacions-cientifiques\/","title":{"rendered":"Despertant (m\u00e9s) vocacions cient\u00edfiques"},"content":{"rendered":"<p><a href=\"https:\/\/agora.xtec.cat\/iesmontbui\/wp-content\/uploads\/usu145\/2024\/09\/1000123686-scaled.jpg\"><img loading=\"lazy\" decoding=\"async\" class=\" wp-image-10283 aligncenter\" src=\"https:\/\/agora.xtec.cat\/iesmontbui\/wp-content\/uploads\/usu145\/2024\/09\/1000123686-300x139.jpg\" alt=\"\" width=\"311\" height=\"159\" \/><\/a><\/p>\n<p>L&#8217;Institut ha participat, aquest dijous, 26 de setembre, en la trobada organitzada per<strong> Fundaci\u00f3 Catalunya-La Pedrera<\/strong>, titulada &#8220;<strong>Talent Jove: de l&#8217;aula als centres de recerca&#8221;. <\/strong>Un acte que tenia com objectiu reflexionar sobre <strong>com es detecta i afavoreix el talent jove<\/strong> des dels programes d&#8217;excel\u00b7l\u00e8ncia d&#8217;aquesta fundaci\u00f3 i marcar els reptes, generar sinergies i millorar en els propers anys. Aquests programes tenen l&#8217;objectiu de generar i d&#8217;<strong>impulsar vocacions cient\u00edfiques entre estudiants de 14 a 18 anys<\/strong> i han estat possibles, per una banda, gr\u00e0cies a l&#8217;estreta col\u00b7laboraci\u00f3 amb centres de recerca, hospitals i professionals, per l&#8217;altra, gr\u00e0cies al paper clau dels docents de secund\u00e0ria que inspiren, detecten i proposen aquestes oportunitats al seu alumnat brillant, sense oblidar l&#8217;entusiasme dels joves amb passi\u00f3 per descobrir, per la ci\u00e8ncia i per la recerca.<\/p>\n<p><strong>En primera persona\u00a0<\/strong><\/p>\n<p>En representaci\u00f3 de l&#8217;institut hi va assistir la professora de Biologia i Geologia <strong>Merc\u00e8 Carta\u00f1\u00e0<\/strong>. Una trobada, com relata ella mateixa, que va comptar &#8220;amb representants d&#8217;institucions cient\u00edfiques de primer nivell, docents, joves participants i les seves fam\u00edlies&#8221;. L&#8217;acte &#8220;va comen\u00e7ar amb <strong>Andreu Mas Collell, Llu\u00eds Torner i Eva Clav\u00e9s<\/strong> explicant la hist\u00f2ria de les trobades i com van n\u00e9ixer&#8221;. Despr\u00e9s, explica la Merc\u00e8, &#8220;va parlar una representant dels docents, <strong>S\u00edlvia Zurita,<\/strong> que va compartir la seva experi\u00e8ncia com a impulsora d&#8217;alumnes cap a la recerca, juntament amb els exalumnes<strong> Irene Le\u00f3n, Maria Quintana, Imad Benhessou i Wassima Rachdi<\/strong> -els quals van compartir la seva experi\u00e8ncia a Bojos per la Ci\u00e8ncia i per la Medicina i com els va canviar la vida; dos d&#8217;ells van continuar fins a tancar el cercle i formar part de l&#8217;organitzaci\u00f3 de Bojos&#8221;.<\/p>\n<p>Finalment, segons relata la docent, &#8220;un altre grup de persones investigadores i coordinadores va presentar el programa BIYSC (Barcelona International Youth Science Challenge), on van explicar que consisteix en trobades internacionals de joves investigadors, de deu dies de durada, on hi ha una conviv\u00e8ncia intesa al voltant de la ci\u00e8ncia i la recerca i on els participants es converteixen en &#8220;Fellows&#8221;, \u00e9s a dir, es creen aliances i lligams que tenen continu\u00eftat en el futur&#8221;. Els dos debats van ser moderats pel divulgador cient\u00edfic <strong>Llu\u00eds Quevedo.<\/strong><\/p>\n<p>Com a colof\u00f3, assegura la professora, &#8220;podem dir que coneixent les experi\u00e8ncies i veient el que s&#8217;ha assolit, s&#8217;ha trobat la manera d&#8217;aprofundir en les possibilitats de col\u00b7laboraci\u00f3 entre entitats i docents per donar oportunitats \u00faniques i fascinants als joves que seran el futur de la ci\u00e8ncia i faran avan\u00e7ar el m\u00f3n&#8221;.<\/p>\n<p><strong>Convocat\u00f2ria del Bojos per la Ci\u00e8ncia i Medicina 2025\u00a0<\/strong><\/p>\n<p>D&#8217;altra banda, ja est\u00e0 oberta la nova convocat\u00f2ria de Bojos per la Ci\u00e8ncia i la Medicina 2025. Els professors de c\u00ec\u00e8ncies i tecnologia han convidat a tot l&#8217;alumnat de primer de batxillerat cient\u00edfic-tecnol\u00f2gic a llegir les bases i presentar-se si s&#8217;engresquen i creuen que tenen els requisits (entre altres coses, es demana tenir un bon curr\u00edculum acad\u00e8mic i un bon nivell d&#8217;angl\u00e8s). En aquest enlla\u00e7 hi trobareu la informaci\u00f3 i les bases de participaci\u00f3:<a href=\"https:\/\/www.fundaciocatalunya-lapedrera.com\/ca\/bojos-ciencia\"> https:\/\/www.fundaciocatalunya-lapedrera.com\/ca\/bojos-ciencia<\/a><\/p>\n<p>Els interessats han de contactar amb la seva tutora i enviar-li un petit redactat de motivaci\u00f3 amb les 3 opcions de prefer\u00e8ncia que triin del programa &#8220;Bojos&#8221;. El termini d&#8217;inscripci\u00f3 a <em>Bojos per la medicina<\/em> \u00e9s el 6 d&#8217;octubre i per a la resta \u00e9s el 18 d&#8217;octubre.<\/p>\n<p>M\u00e9s imatges de la jornada a l&#8217;Instagram.<\/p>\n<p>&nbsp;<\/p>\n","protected":false},"excerpt":{"rendered":"<p><a href=\"https:\/\/agora.xtec.cat\/iesmontbui\/wp-content\/uploads\/usu145\/2024\/09\/1000123686-scaled.jpg\"><\/a><br \/>\nL&#8217;Institut ha participat, aquest dijous, 26 de setembre, en la trobada organitzada per Fundaci\u00f3 Catalunya-La Pedrera, titulada &#8220;Talent Jove: de l&#8217;aula als centres de recerca&#8221;. Un acte que tenia com objectiu reflexionar sobre com es detecta i afavoreix el talent jove des dels programes&hellip;  <a href=\"https:\/\/agora.xtec.cat\/iesmontbui\/batxillerat\/despertant-mes-vocacions-cientifiques\/\" title=\"Read Despertant (m\u00e9s) vocacions cient\u00edfiques\">Llegeix m\u00e9s\u00bb<\/a><\/p>\n","protected":false},"author":66,"featured_media":10283,"comment_status":"open","ping_status":"closed","sticky":false,"template":"","format":"standard","meta":{"_bbp_topic_count":0,"_bbp_reply_count":0,"_bbp_total_topic_count":0,"_bbp_total_reply_count":0,"_bbp_voice_count":0,"_bbp_anonymous_reply_count":0,"_bbp_topic_count_hidden":0,"_bbp_reply_count_hidden":0,"_bbp_forum_subforum_count":0,"footnotes":""},"categories":[8,29],"tags":[922,923,925,560,924],"class_list":["post-10282","post","type-post","status-publish","format-standard","has-post-thumbnail","hentry","category-batxillerat","category-portada","tag-bojos-per-la-ciencia-2025","tag-bojos-per-la-ciencia-i-medicina-2025","tag-fundacio-catalunya-la-pedrera","tag-merce-cartana","tag-talent-jove-de-laula-als-centres-de-recerca"],"post_mailing_queue_ids":[],"_links":{"self":[{"href":"https:\/\/agora.xtec.cat\/iesmontbui\/wp-json\/wp\/v2\/posts\/10282","targetHints":{"allow":["GET"]}}],"collection":[{"href":"https:\/\/agora.xtec.cat\/iesmontbui\/wp-json\/wp\/v2\/posts"}],"about":[{"href":"https:\/\/agora.xtec.cat\/iesmontbui\/wp-json\/wp\/v2\/types\/post"}],"author":[{"embeddable":true,"href":"https:\/\/agora.xtec.cat\/iesmontbui\/wp-json\/wp\/v2\/users\/66"}],"replies":[{"embeddable":true,"href":"https:\/\/agora.xtec.cat\/iesmontbui\/wp-json\/wp\/v2\/comments?post=10282"}],"version-history":[{"count":1,"href":"https:\/\/agora.xtec.cat\/iesmontbui\/wp-json\/wp\/v2\/posts\/10282\/revisions"}],"predecessor-version":[{"id":10284,"href":"https:\/\/agora.xtec.cat\/iesmontbui\/wp-json\/wp\/v2\/posts\/10282\/revisions\/10284"}],"wp:featuredmedia":[{"embeddable":true,"href":"https:\/\/agora.xtec.cat\/iesmontbui\/wp-json\/wp\/v2\/media\/10283"}],"wp:attachment":[{"href":"https:\/\/agora.xtec.cat\/iesmontbui\/wp-json\/wp\/v2\/media?parent=10282"}],"wp:term":[{"taxonomy":"category","embeddable":true,"href":"https:\/\/agora.xtec.cat\/iesmontbui\/wp-json\/wp\/v2\/categories?post=10282"},{"taxonomy":"post_tag","embeddable":true,"href":"https:\/\/agora.xtec.cat\/iesmontbui\/wp-json\/wp\/v2\/tags?post=10282"}],"curies":[{"name":"wp","href":"https:\/\/api.w.org\/{rel}","templated":true}]}}