{"id":10278,"date":"2024-09-27T18:48:22","date_gmt":"2024-09-27T16:48:22","guid":{"rendered":"https:\/\/agora.xtec.cat\/iesmontbui\/?p=10278"},"modified":"2024-09-27T18:48:22","modified_gmt":"2024-09-27T16:48:22","slug":"1r-deso-el-joc-de-la-coneixenca","status":"publish","type":"post","link":"https:\/\/agora.xtec.cat\/iesmontbui\/eso\/1r-deso-el-joc-de-la-coneixenca\/","title":{"rendered":"1r d&#8217;ESO: el joc de la coneixen\u00e7a"},"content":{"rendered":"<p><a href=\"https:\/\/agora.xtec.cat\/iesmontbui\/wp-content\/uploads\/usu145\/2024\/09\/20240927_125638-1-scaled.jpg\"><img loading=\"lazy\" decoding=\"async\" class=\" wp-image-10280 aligncenter\" src=\"https:\/\/agora.xtec.cat\/iesmontbui\/wp-content\/uploads\/usu145\/2024\/09\/20240927_125638-1-300x135.jpg\" alt=\"\" width=\"333\" height=\"158\" \/><\/a><\/p>\n<p>L\u2019alumnat de primer d\u2019ESO ha dut a terrme aquest divendres, 27 de setembre, una sortida enfocada a establir uns bons vincles afectius entre ells i els seus tutors\/es. \u00c9s una activitat impulsada des de tutoria amb la finalitat que els nois i noies que enguany han comen\u00e7at a l&#8217;Institut s\u2019adaptin millor en aquesta nova etapa. Despr\u00e9s del primer pati, i acompanyats del professorat, s&#8217;han despla\u00e7at caminant cap al <strong>Parc fluvial de Vilanova del Cam\u00ed.<\/strong> Una jornada l\u00fadica en qu\u00e8 no hi han faltat diferents <strong>jocs i din\u00e0miques de grup.<\/strong><\/p>\n<p>Podeu veure diverses imatges de la sortida a l\u2019Instagram del centre.<\/p>\n","protected":false},"excerpt":{"rendered":"<p><a href=\"https:\/\/agora.xtec.cat\/iesmontbui\/wp-content\/uploads\/usu145\/2024\/09\/20240927_125638-1-scaled.jpg\"><\/a><br \/>\nL\u2019alumnat de primer d\u2019ESO ha dut a terrme aquest divendres, 27 de setembre, una sortida enfocada a establir uns bons vincles afectius entre ells i els seus tutors\/es. \u00c9s una activitat impulsada des de tutoria amb la finalitat que els nois i noies que&hellip;  <a href=\"https:\/\/agora.xtec.cat\/iesmontbui\/eso\/1r-deso-el-joc-de-la-coneixenca\/\" title=\"Read 1r d&#8217;ESO: el joc de la coneixen\u00e7a\">Llegeix m\u00e9s\u00bb<\/a><\/p>\n","protected":false},"author":66,"featured_media":10279,"comment_status":"open","ping_status":"closed","sticky":false,"template":"","format":"standard","meta":{"_bbp_topic_count":0,"_bbp_reply_count":0,"_bbp_total_topic_count":0,"_bbp_total_reply_count":0,"_bbp_voice_count":0,"_bbp_anonymous_reply_count":0,"_bbp_topic_count_hidden":0,"_bbp_reply_count_hidden":0,"_bbp_forum_subforum_count":0,"footnotes":""},"categories":[3,4,29],"tags":[377,921,386,920],"class_list":["post-10278","post","type-post","status-publish","format-standard","has-post-thumbnail","hentry","category-eso","category-eso-1","category-portada","tag-1r-deso","tag-jocs-1-eso","tag-parc-fluvial","tag-sortida-vilanova-del-cami"],"post_mailing_queue_ids":[],"_links":{"self":[{"href":"https:\/\/agora.xtec.cat\/iesmontbui\/wp-json\/wp\/v2\/posts\/10278","targetHints":{"allow":["GET"]}}],"collection":[{"href":"https:\/\/agora.xtec.cat\/iesmontbui\/wp-json\/wp\/v2\/posts"}],"about":[{"href":"https:\/\/agora.xtec.cat\/iesmontbui\/wp-json\/wp\/v2\/types\/post"}],"author":[{"embeddable":true,"href":"https:\/\/agora.xtec.cat\/iesmontbui\/wp-json\/wp\/v2\/users\/66"}],"replies":[{"embeddable":true,"href":"https:\/\/agora.xtec.cat\/iesmontbui\/wp-json\/wp\/v2\/comments?post=10278"}],"version-history":[{"count":1,"href":"https:\/\/agora.xtec.cat\/iesmontbui\/wp-json\/wp\/v2\/posts\/10278\/revisions"}],"predecessor-version":[{"id":10281,"href":"https:\/\/agora.xtec.cat\/iesmontbui\/wp-json\/wp\/v2\/posts\/10278\/revisions\/10281"}],"wp:featuredmedia":[{"embeddable":true,"href":"https:\/\/agora.xtec.cat\/iesmontbui\/wp-json\/wp\/v2\/media\/10279"}],"wp:attachment":[{"href":"https:\/\/agora.xtec.cat\/iesmontbui\/wp-json\/wp\/v2\/media?parent=10278"}],"wp:term":[{"taxonomy":"category","embeddable":true,"href":"https:\/\/agora.xtec.cat\/iesmontbui\/wp-json\/wp\/v2\/categories?post=10278"},{"taxonomy":"post_tag","embeddable":true,"href":"https:\/\/agora.xtec.cat\/iesmontbui\/wp-json\/wp\/v2\/tags?post=10278"}],"curies":[{"name":"wp","href":"https:\/\/api.w.org\/{rel}","templated":true}]}}