{"id":10264,"date":"2024-09-20T10:47:59","date_gmt":"2024-09-20T08:47:59","guid":{"rendered":"https:\/\/agora.xtec.cat\/iesmontbui\/?p=10264"},"modified":"2024-09-20T10:47:59","modified_gmt":"2024-09-20T08:47:59","slug":"lafa-fa-una-crida-per-seguir-creixent","status":"publish","type":"post","link":"https:\/\/agora.xtec.cat\/iesmontbui\/portada\/lafa-fa-una-crida-per-seguir-creixent\/","title":{"rendered":"L&#8217;AFA fa una crida per seguir creixent"},"content":{"rendered":"<p><a href=\"https:\/\/agora.xtec.cat\/iesmontbui\/wp-content\/uploads\/usu145\/2024\/09\/Julia-Rodriguez-1.png\"><img loading=\"lazy\" decoding=\"async\" class=\" wp-image-10265 aligncenter\" src=\"https:\/\/agora.xtec.cat\/iesmontbui\/wp-content\/uploads\/usu145\/2024\/09\/Julia-Rodriguez-1-300x300.png\" alt=\"\" width=\"266\" height=\"266\" srcset=\"https:\/\/agora.xtec.cat\/iesmontbui\/wp-content\/uploads\/usu145\/2024\/09\/Julia-Rodriguez-1-300x300.png 300w, https:\/\/agora.xtec.cat\/iesmontbui\/wp-content\/uploads\/usu145\/2024\/09\/Julia-Rodriguez-1-150x150.png 150w, https:\/\/agora.xtec.cat\/iesmontbui\/wp-content\/uploads\/usu145\/2024\/09\/Julia-Rodriguez-1.png 500w\" sizes=\"auto, (max-width: 266px) 100vw, 266px\" \/><\/a><\/p>\n<p><strong>L&#8217;Associaci\u00f3 de Fam\u00edlies d&#8217;Alumnes<\/strong> del centre (AFA) fa una crida perqu\u00e8 m\u00e9s persones formin part d&#8217;aquest col\u00b7lectiu. L&#8217;objectiu \u00e9s seguir creixent, per aix\u00f2, esperen que m\u00e9s fam\u00edlies puguin sumar-se i implicar-se en l&#8217;organitzaci\u00f3 i din\u00e0mica de les activitats que es realitzen durant el curs escolar a l&#8217;institut Montbui. Aquells interessats\/des en formar part de l&#8217;AFA podeu enviar un correu electr\u00f2nic a afaiesmontbui@gmail.com.<\/p>\n","protected":false},"excerpt":{"rendered":"<p><a href=\"https:\/\/agora.xtec.cat\/iesmontbui\/wp-content\/uploads\/usu145\/2024\/09\/Julia-Rodriguez-1.png\"><\/a><br \/>\nL&#8217;Associaci\u00f3 de Fam\u00edlies d&#8217;Alumnes del centre (AFA) fa una crida perqu\u00e8 m\u00e9s persones formin part d&#8217;aquest col\u00b7lectiu. L&#8217;objectiu \u00e9s seguir creixent, per aix\u00f2, esperen que m\u00e9s fam\u00edlies puguin sumar-se i implicar-se en l&#8217;organitzaci\u00f3 i din\u00e0mica de les activitats que es realitzen durant el curs&hellip;  <a href=\"https:\/\/agora.xtec.cat\/iesmontbui\/portada\/lafa-fa-una-crida-per-seguir-creixent\/\" title=\"Read L&#8217;AFA fa una crida per seguir creixent\">Llegeix m\u00e9s\u00bb<\/a><\/p>\n","protected":false},"author":66,"featured_media":10265,"comment_status":"open","ping_status":"closed","sticky":false,"template":"","format":"standard","meta":{"_bbp_topic_count":0,"_bbp_reply_count":0,"_bbp_total_topic_count":0,"_bbp_total_reply_count":0,"_bbp_voice_count":0,"_bbp_anonymous_reply_count":0,"_bbp_topic_count_hidden":0,"_bbp_reply_count_hidden":0,"_bbp_forum_subforum_count":0,"footnotes":""},"categories":[31,29],"tags":[426,754,184],"class_list":["post-10264","post","type-post","status-publish","format-standard","has-post-thumbnail","hentry","category-ampa","category-portada","tag-afa","tag-associacio-de-families-dalumnes","tag-families"],"post_mailing_queue_ids":[],"_links":{"self":[{"href":"https:\/\/agora.xtec.cat\/iesmontbui\/wp-json\/wp\/v2\/posts\/10264","targetHints":{"allow":["GET"]}}],"collection":[{"href":"https:\/\/agora.xtec.cat\/iesmontbui\/wp-json\/wp\/v2\/posts"}],"about":[{"href":"https:\/\/agora.xtec.cat\/iesmontbui\/wp-json\/wp\/v2\/types\/post"}],"author":[{"embeddable":true,"href":"https:\/\/agora.xtec.cat\/iesmontbui\/wp-json\/wp\/v2\/users\/66"}],"replies":[{"embeddable":true,"href":"https:\/\/agora.xtec.cat\/iesmontbui\/wp-json\/wp\/v2\/comments?post=10264"}],"version-history":[{"count":2,"href":"https:\/\/agora.xtec.cat\/iesmontbui\/wp-json\/wp\/v2\/posts\/10264\/revisions"}],"predecessor-version":[{"id":10267,"href":"https:\/\/agora.xtec.cat\/iesmontbui\/wp-json\/wp\/v2\/posts\/10264\/revisions\/10267"}],"wp:featuredmedia":[{"embeddable":true,"href":"https:\/\/agora.xtec.cat\/iesmontbui\/wp-json\/wp\/v2\/media\/10265"}],"wp:attachment":[{"href":"https:\/\/agora.xtec.cat\/iesmontbui\/wp-json\/wp\/v2\/media?parent=10264"}],"wp:term":[{"taxonomy":"category","embeddable":true,"href":"https:\/\/agora.xtec.cat\/iesmontbui\/wp-json\/wp\/v2\/categories?post=10264"},{"taxonomy":"post_tag","embeddable":true,"href":"https:\/\/agora.xtec.cat\/iesmontbui\/wp-json\/wp\/v2\/tags?post=10264"}],"curies":[{"name":"wp","href":"https:\/\/api.w.org\/{rel}","templated":true}]}}