{"id":10146,"date":"2024-06-15T10:10:37","date_gmt":"2024-06-15T08:10:37","guid":{"rendered":"https:\/\/agora.xtec.cat\/iesmontbui\/?p=10146"},"modified":"2024-06-15T10:18:53","modified_gmt":"2024-06-15T08:18:53","slug":"acte-de-graduacio-de-2n-de-bat-i-4t-deso-2023-2024","status":"publish","type":"post","link":"https:\/\/agora.xtec.cat\/iesmontbui\/eso\/acte-de-graduacio-de-2n-de-bat-i-4t-deso-2023-2024\/","title":{"rendered":"Acte de graduaci\u00f3 de 2n de BAT i 4t d&#8217;ESO 2023-2024"},"content":{"rendered":"<p><a href=\"https:\/\/agora.xtec.cat\/iesmontbui\/wp-content\/uploads\/usu145\/2024\/06\/WhatsApp-Image-2024-06-14-at-21.07.25-e1718438967666.jpeg\"><img loading=\"lazy\" decoding=\"async\" class=\" wp-image-10163 aligncenter\" src=\"https:\/\/agora.xtec.cat\/iesmontbui\/wp-content\/uploads\/usu145\/2024\/06\/WhatsApp-Image-2024-06-14-at-21.07.25-e1718438967666-300x147.jpeg\" alt=\"\" width=\"362\" height=\"170\" \/><\/a><\/p>\n<p>El pati de l&#8217;institut s&#8217;ha vestit de gal\u00b7la i s&#8217;ha omplert d&#8217;emoci\u00f3 per acollir aquest divendres, 14 de juny, l&#8217;acte de graduaci\u00f3 del curs 2023-24 de l&#8217;alumnat que ha finalitzat <strong>segon de Batxillerat (Promoci\u00f3 2022-2024)<\/strong> i <strong>quart d&#8217;ESO (Promoci\u00f3 2020-2024).<\/strong> <span style=\"font-family: inherit; font-size: 1em;\">L&#8217;acte s&#8217;ha iniciat vora tres quarts de vuit del vespre amb els parlaments de la directora de l&#8217;institut, <strong>Eva Raich,<\/strong> i de la regidora d&#8217;Educaci\u00f3 de Santa Margarida de Montbui, <strong>Maria Grados,<\/strong> i que ha donat pas a l&#8217;entrega de les orles i els corresponents premis dels dos cursos-final d&#8217;etapa.\u00a0<\/span><\/p>\n<p><span style=\"font-family: inherit; font-size: 1em;\">Les tutores de segon de Batxillerat, <\/span><strong>Carme Llongueras<\/strong> i <strong>Maria Peralta, <\/strong>tamb\u00e9 han pujat a l&#8217;escenari. Han pronunciat unes paraules abans d&#8217;iniciar l&#8217;entrega de les orles i birrets a l&#8217;alumnat del darrer curs de Batxillerat. Posteriorment, han passat el relleu als tutors de quart d&#8217;ESO: <strong>Cristina de la Cruz, Fran P\u00e9rez, Judith Hern\u00e1ndez, Joan Margalef <\/strong>i<strong> Marta Esteve<\/strong>, els quals han donat tamb\u00e9 aquests reconeixements a l&#8217;alumnat del darrer curs de l&#8217;etapa obligat\u00f2ria. Per la seva banda, l&#8217;alumnat -amb la banda degudament posada i els seus birrets- tamb\u00e9 ha volgut recon\u00e8ixer la tasca del professorat que l&#8217;ha acompanyat durant la seva traject\u00f2ria acad\u00e8mica, en forma de discursos i obsequis, que s&#8217;han anat intercalant durant l&#8217;entrega i sota l&#8217;atenta mirada dels flaixos.<\/p>\n<div style=\"width: 1280px;\" class=\"wp-video\"><!--[if lt IE 9]><script>document.createElement('video');<\/script><![endif]-->\n<video class=\"wp-video-shortcode\" id=\"video-10146-1\" width=\"1280\" height=\"720\" preload=\"metadata\" controls=\"controls\"><source type=\"video\/mp4\" src=\"https:\/\/agora.xtec.cat\/iesmontbui\/wp-content\/uploads\/usu145\/2024\/06\/WhatsApp-Video-2024-06-14-at-21.19.53.mp4?_=1\" \/><a href=\"https:\/\/agora.xtec.cat\/iesmontbui\/wp-content\/uploads\/usu145\/2024\/06\/WhatsApp-Video-2024-06-14-at-21.19.53.mp4\">https:\/\/agora.xtec.cat\/iesmontbui\/wp-content\/uploads\/usu145\/2024\/06\/WhatsApp-Video-2024-06-14-at-21.19.53.mp4<\/a><\/video><\/div>\n<p>&nbsp;<\/p>\n<p><strong>Premis\u00a0<\/strong><\/p>\n<p>Durant la celebraci\u00f3 tamb\u00e9 s&#8217;han atorgat diversos premis a l&#8217;alumnat de segon de Batxillerat:<\/p>\n<p>\u00b7 Matr\u00edcula d&#8217;honor: <strong>D\u00fania Farhan Pel\u00e1ez i Blanca Jim\u00e9nez Celaya.<\/strong><\/p>\n<p>\u00b7 Excel\u00b7l\u00e8ncia:<strong> \u00c0lex Egea i Pol \u00c0vila<\/strong><\/p>\n<p>\u00b7 Esfor\u00e7: <strong>Mohammed El Yazidi i Martina Aranda<\/strong><\/p>\n<p>A m\u00e9s, tamb\u00e9 s&#8217;han atorgat en m\u00e0 els diplomes que l&#8217;entitat Ambientech ha concedit recentment al centre als alumnes de segon de Batxillerat de la mat\u00e8ria d&#8217;<strong>ODS,<\/strong> de la m\u00e0 de la professora <strong>Merc\u00e8 Carta\u00f1\u00e0.\u00a0<\/strong><\/p>\n<p><strong>Pres\u00e8ncia de les fam\u00edlies, ball i sorteig\u00a0\u00a0<\/strong><\/p>\n<p>A l&#8217;acte tamb\u00e9 hi ha assistit la regidora de Cultura de Santa Margarida de Montbui, <strong>Sara Berganti\u00f1o,<\/strong> aix\u00ed com les fam\u00edlies de l&#8217;alumnat i de la <span style=\"font-family: inherit; font-size: 1em;\">junta directiva de l&#8217;<strong>AFA<\/strong>, que ha recuperat aquest curs el centre. La m\u00fasica no ha deixat de sonar durant la cerim\u00f2nia, i en el tram final no hi ha faltat un <\/span><span style=\"font-family: inherit; font-size: 1em;\">ball per part de diverses alumnes de quart d&#8217;ESO:<strong> Anna G\u00f3mez, J\u00falia Gonz\u00e1lez, Leyre Boyanov, Carla Salguero, Maria Rom\u00e1n, Luc\u00eda Rico, Ariadna Holgado, Nourr Baroudi, Natalia Garcia, Aina Orpi i Thays Rodenas.\u00a0<\/strong>A m\u00e9s, s&#8217;ha celebrat un sorteig amb diversos vals, per a l&#8217;alumnat de les cinc classes de 4t d&#8217;ESO.<\/span><\/p>\n<p><span style=\"font-family: inherit; font-size: 1em;\">La implicaci\u00f3 del professorat i fam\u00edlies ha estat clau per l&#8217;organitzaci\u00f3, muntatge i preparatius d&#8217;un acte amb tocs d&#8217;humor que han presentat els docents <strong>Ariadna Cervera<\/strong> i <strong>Albert Sunyol,<\/strong> amb la col\u00b7laboraci\u00f3 de l&#8217;alumne de 4t d&#8217;ESO <strong>Iker P\u00e9rez.<\/strong>\u00a0Una vegada finalitzat l&#8217;esdeveniment hi ha hagut un c\u00e0tering al mateix pati.<\/span><\/p>\n","protected":false},"excerpt":{"rendered":"<p><a href=\"https:\/\/agora.xtec.cat\/iesmontbui\/wp-content\/uploads\/usu145\/2024\/06\/WhatsApp-Image-2024-06-14-at-21.07.25-e1718438967666.jpeg\"><\/a><br \/>\nEl pati de l&#8217;institut s&#8217;ha vestit de gal\u00b7la i s&#8217;ha omplert d&#8217;emoci\u00f3 per acollir aquest divendres, 14 de juny, l&#8217;acte de graduaci\u00f3 del curs 2023-24 de l&#8217;alumnat que ha finalitzat segon de Batxillerat (Promoci\u00f3 2022-2024) i quart d&#8217;ESO (Promoci\u00f3 2020-2024). L&#8217;acte s&#8217;ha iniciat vora&hellip;  <a href=\"https:\/\/agora.xtec.cat\/iesmontbui\/eso\/acte-de-graduacio-de-2n-de-bat-i-4t-deso-2023-2024\/\" title=\"Read Acte de graduaci\u00f3 de 2n de BAT i 4t d&#8217;ESO 2023-2024\">Llegeix m\u00e9s\u00bb<\/a><\/p>\n","protected":false},"author":66,"featured_media":10163,"comment_status":"open","ping_status":"closed","sticky":false,"template":"","format":"standard","meta":{"_bbp_topic_count":0,"_bbp_reply_count":0,"_bbp_total_topic_count":0,"_bbp_total_reply_count":0,"_bbp_voice_count":0,"_bbp_anonymous_reply_count":0,"_bbp_topic_count_hidden":0,"_bbp_reply_count_hidden":0,"_bbp_forum_subforum_count":0,"footnotes":""},"categories":[68,8,3,7,29],"tags":[842,841,426,858,861,863,800,850,860,856,764,853,867,869,535,847,870,862,872,871,851,852,855,848,868,854,873,866,560,865,775,857,864,849,859],"class_list":["post-10146","post","type-post","status-publish","format-standard","has-post-thumbnail","hentry","category-batx-2","category-batxillerat","category-eso","category-eso-4","category-portada","tag-acte-graduacio","tag-acte-graduacio-2023-2024","tag-afa","tag-aina-orpi","tag-albert-sunyol","tag-alex-egea","tag-ambientech","tag-anna-gomez","tag-ariadna-cervera","tag-ariadna-holgado","tag-blanca-jimenez","tag-carla-salguero","tag-carme-llongueras","tag-cristina-de-la-cruz","tag-dunia-farhan","tag-eva-raich","tag-fran-perez","tag-iker-perez","tag-joan-margalef","tag-judith-hernandez","tag-julia-gonzalez","tag-leyre-boyanov","tag-lucia-rico","tag-maria-grados","tag-maria-peralta","tag-maria-roman","tag-marta-esteve","tag-martina-aranda","tag-merce-cartana","tag-mohammed-el-yazidi","tag-natalia-garcia","tag-nourr-baroudi","tag-pol-avila","tag-sara-bergantino","tag-thays-rodenas"],"post_mailing_queue_ids":[],"_links":{"self":[{"href":"https:\/\/agora.xtec.cat\/iesmontbui\/wp-json\/wp\/v2\/posts\/10146","targetHints":{"allow":["GET"]}}],"collection":[{"href":"https:\/\/agora.xtec.cat\/iesmontbui\/wp-json\/wp\/v2\/posts"}],"about":[{"href":"https:\/\/agora.xtec.cat\/iesmontbui\/wp-json\/wp\/v2\/types\/post"}],"author":[{"embeddable":true,"href":"https:\/\/agora.xtec.cat\/iesmontbui\/wp-json\/wp\/v2\/users\/66"}],"replies":[{"embeddable":true,"href":"https:\/\/agora.xtec.cat\/iesmontbui\/wp-json\/wp\/v2\/comments?post=10146"}],"version-history":[{"count":6,"href":"https:\/\/agora.xtec.cat\/iesmontbui\/wp-json\/wp\/v2\/posts\/10146\/revisions"}],"predecessor-version":[{"id":10167,"href":"https:\/\/agora.xtec.cat\/iesmontbui\/wp-json\/wp\/v2\/posts\/10146\/revisions\/10167"}],"wp:featuredmedia":[{"embeddable":true,"href":"https:\/\/agora.xtec.cat\/iesmontbui\/wp-json\/wp\/v2\/media\/10163"}],"wp:attachment":[{"href":"https:\/\/agora.xtec.cat\/iesmontbui\/wp-json\/wp\/v2\/media?parent=10146"}],"wp:term":[{"taxonomy":"category","embeddable":true,"href":"https:\/\/agora.xtec.cat\/iesmontbui\/wp-json\/wp\/v2\/categories?post=10146"},{"taxonomy":"post_tag","embeddable":true,"href":"https:\/\/agora.xtec.cat\/iesmontbui\/wp-json\/wp\/v2\/tags?post=10146"}],"curies":[{"name":"wp","href":"https:\/\/api.w.org\/{rel}","templated":true}]}}