{"id":10104,"date":"2024-06-07T17:10:53","date_gmt":"2024-06-07T15:10:53","guid":{"rendered":"https:\/\/agora.xtec.cat\/iesmontbui\/?p=10104"},"modified":"2024-06-07T17:12:08","modified_gmt":"2024-06-07T15:12:08","slug":"fem-xarxa-amb-les-escoles-verdes","status":"publish","type":"post","link":"https:\/\/agora.xtec.cat\/iesmontbui\/portada\/fem-xarxa-amb-les-escoles-verdes\/","title":{"rendered":"Fem xarxa amb les Escoles Verdes!"},"content":{"rendered":"<p><a href=\"https:\/\/agora.xtec.cat\/iesmontbui\/wp-content\/uploads\/usu145\/2024\/06\/WhatsApp-Image-2024-06-07-at-13.26.05.jpeg\"><img loading=\"lazy\" decoding=\"async\" class=\" wp-image-10105 aligncenter\" src=\"https:\/\/agora.xtec.cat\/iesmontbui\/wp-content\/uploads\/usu145\/2024\/06\/WhatsApp-Image-2024-06-07-at-13.26.05-300x138.jpeg\" alt=\"\" width=\"390\" height=\"205\" \/><\/a><\/p>\n<p>Set alumnes i dos docents de l&#8217;Institut Montbui han assistit aquest divendres, 7 de juny, a l&#8217;acte de celebraci\u00f3 del <strong>25\u00e8 aniversari de la Xarxa d&#8217;Escoles Verdes (EV) de Catalunya,<\/strong> al Mont Sant Benet, on hi han pres part un miler de persones vingudes d&#8217;arreu del pa\u00eds. L&#8217;INS Montbui <strong>va rebre el distintiu d&#8217;Escola Verda al novembre de 2022.<\/strong><\/p>\n<p>La delegaci\u00f3 del Montbui ha participat en un<strong> taller sobre els efectes del canvi clim\u00e0tic sobre la natura; en un taller d&#8217;alimentaci\u00f3 a c\u00e0rrec de la Fundaci\u00f3 Al\u00edcia; i en un espectacle teatral de conscienciaci\u00f3 sobre consum responsable i de proximitat.<\/strong> A l&#8217;acte hi ha participat la consellera d&#8217;Educaci\u00f3 en funcions, Anna Sim\u00f3, i el conseller d&#8217;Acci\u00f3 Clim\u00e0tica, Alimentaci\u00f3 i Agenda Rural en funcions, David Mascort.<\/p>\n<p>S&#8217;han donat distintius d&#8217;EV a moltes escoles. L&#8217;acte l&#8217;ha presentat <strong>Mariona Escoda<\/strong>, guanyadora del programa Euf\u00f2ria (3Cat). Tot plegat, amenitzat per uns personatges disfressats d&#8217;insectes, amb xanquers i un munt de voluntaris. &#8220;Ha sigut una bona festa que hem gaudit participant dels tallers&#8221;, asseguren els docents.<\/p>\n","protected":false},"excerpt":{"rendered":"<p><a href=\"https:\/\/agora.xtec.cat\/iesmontbui\/wp-content\/uploads\/usu145\/2024\/06\/WhatsApp-Image-2024-06-07-at-13.26.05.jpeg\"><\/a><br \/>\nSet alumnes i dos docents de l&#8217;Institut Montbui han assistit aquest divendres, 7 de juny, a l&#8217;acte de celebraci\u00f3 del 25\u00e8 aniversari de la Xarxa d&#8217;Escoles Verdes (EV) de Catalunya, al Mont Sant Benet, on hi han pres part un miler de persones vingudes&hellip;  <a href=\"https:\/\/agora.xtec.cat\/iesmontbui\/portada\/fem-xarxa-amb-les-escoles-verdes\/\" title=\"Read Fem xarxa amb les Escoles Verdes!\">Llegeix m\u00e9s\u00bb<\/a><\/p>\n","protected":false},"author":66,"featured_media":10105,"comment_status":"open","ping_status":"closed","sticky":false,"template":"","format":"standard","meta":{"_bbp_topic_count":0,"_bbp_reply_count":0,"_bbp_total_topic_count":0,"_bbp_total_reply_count":0,"_bbp_voice_count":0,"_bbp_anonymous_reply_count":0,"_bbp_topic_count_hidden":0,"_bbp_reply_count_hidden":0,"_bbp_forum_subforum_count":0,"footnotes":""},"categories":[120,350,29],"tags":[809,807,808],"class_list":["post-10104","post","type-post","status-publish","format-standard","has-post-thumbnail","hentry","category-depciencies","category-escola-verda","category-portada","tag-distintiu-escola-verda","tag-festa-escoles-verdes","tag-mariona-escoda"],"post_mailing_queue_ids":[],"_links":{"self":[{"href":"https:\/\/agora.xtec.cat\/iesmontbui\/wp-json\/wp\/v2\/posts\/10104","targetHints":{"allow":["GET"]}}],"collection":[{"href":"https:\/\/agora.xtec.cat\/iesmontbui\/wp-json\/wp\/v2\/posts"}],"about":[{"href":"https:\/\/agora.xtec.cat\/iesmontbui\/wp-json\/wp\/v2\/types\/post"}],"author":[{"embeddable":true,"href":"https:\/\/agora.xtec.cat\/iesmontbui\/wp-json\/wp\/v2\/users\/66"}],"replies":[{"embeddable":true,"href":"https:\/\/agora.xtec.cat\/iesmontbui\/wp-json\/wp\/v2\/comments?post=10104"}],"version-history":[{"count":3,"href":"https:\/\/agora.xtec.cat\/iesmontbui\/wp-json\/wp\/v2\/posts\/10104\/revisions"}],"predecessor-version":[{"id":10108,"href":"https:\/\/agora.xtec.cat\/iesmontbui\/wp-json\/wp\/v2\/posts\/10104\/revisions\/10108"}],"wp:featuredmedia":[{"embeddable":true,"href":"https:\/\/agora.xtec.cat\/iesmontbui\/wp-json\/wp\/v2\/media\/10105"}],"wp:attachment":[{"href":"https:\/\/agora.xtec.cat\/iesmontbui\/wp-json\/wp\/v2\/media?parent=10104"}],"wp:term":[{"taxonomy":"category","embeddable":true,"href":"https:\/\/agora.xtec.cat\/iesmontbui\/wp-json\/wp\/v2\/categories?post=10104"},{"taxonomy":"post_tag","embeddable":true,"href":"https:\/\/agora.xtec.cat\/iesmontbui\/wp-json\/wp\/v2\/tags?post=10104"}],"curies":[{"name":"wp","href":"https:\/\/api.w.org\/{rel}","templated":true}]}}