{"id":10048,"date":"2024-06-04T20:40:16","date_gmt":"2024-06-04T18:40:16","guid":{"rendered":"https:\/\/agora.xtec.cat\/iesmontbui\/?p=10048"},"modified":"2024-06-05T06:42:05","modified_gmt":"2024-06-05T04:42:05","slug":"un-erasmus-que-marca-la-diferencia","status":"publish","type":"post","link":"https:\/\/agora.xtec.cat\/iesmontbui\/eso\/eso-4\/un-erasmus-que-marca-la-diferencia\/","title":{"rendered":"Un Erasmus+ que marca la difer\u00e8ncia"},"content":{"rendered":"<p>Un grup de catorze alumnes de 4t d&#8217;ESO, acompanyats per dos docents del centre, ha viatjat el darrer mes de maig a la Vall d&#8217;Aosta (It\u00e0lia), en el marc del programa de mobilitat europeu <strong>Erasmus+,<\/strong> del qual l&#8217;institut en forma part.\u00a0Sota el paraigua del projecte &#8220;Every drop makes a difference&#8221; es va organitzar un intercanvi amb l&#8217;institut <strong>Liceo Lingu\u00edstico de Courmayeur (Aosta)<\/strong>\u00a0i es van dur a terme activitats relacionades amb l&#8217;<strong>estudi del recurs natural de l&#8217;aigua i els seus usos, el malbaratament i la sequera.<\/strong><\/p>\n<p><strong>El passat rom\u00e0\u00a0<\/strong><\/p>\n<p>Els companys de l&#8217;institut de Courmayeur van acompanyar als montbuiencs a descobrir la seva zona, molt rica en recursos naturals i envoltada d&#8217;una naturalesa exuberant. Aix\u00ed, van poder con\u00e8ixer el passat rom\u00e0 de la ciutat d&#8217;Aosta i com els romans gestionaven el recurs h\u00eddric a trav\u00e9s d&#8217;aq\u00fceductes. Tamb\u00e9 van visitar una presa d&#8217;un pant\u00e0, <strong>Place Moulin,<\/strong> el m\u00e9s important de la zona pel que fa a la producci\u00f3 d&#8217;energia el\u00e8ctrica. A m\u00e9s, van pujar a un refugi de muntanya a 2000\u202fm d&#8217;altitud des d&#8217;on van poder contemplar les glaceres &#8211; i les vistes del <strong>Mont Blanc.<\/strong><\/p>\n<p><strong>Cohesi\u00f3 de grup\u00a0<\/strong><\/p>\n<p>A m\u00e9s, l&#8217;alumnat de l&#8217;institut que hi va participar -aquells amb millor rendiment acad\u00e8mic de 4t d&#8217;ESO- va poder intercanviar experi\u00e8ncies amb els seus companys italians, <strong>practicar l&#8217;angl\u00e8s, aprendre una mica d&#8217;itali\u00e0 i ajudar els companys italians a millorar el seu espanyo<\/strong>l. Una sortida que valoren positivament els professors acompanyants: &#8220;Com a experi\u00e8ncia vital va ser immillorable i creiem que van poder cr\u00e9ixer en l&#8217;\u00e0mbit personal i fer molta cohesi\u00f3 de grup. Agra\u00efm al centre l&#8217;oportunitat de gaudir d&#8217;aquesta experi\u00e8ncia al costat dels alumnes. Tamb\u00e9 a les fam\u00edlies per haver-nos fet confian\u00e7a i als alumnes pel seu comportament excel\u00b7lent. Per \u00faltim, als companys del Liceo Linguistico Courmayeur pel tracte que ens van donar. Animem a tots els futurs estudiants que s&#8217;apuntin a les pr\u00f2ximes edicions&#8221;.<\/p>\n<p><strong>Estada de 37 dies en un centre d&#8217;It\u00e0lia d&#8217;una alumna de 4t ESO<\/strong><\/p>\n<p>La mobilitat de llarga durada \u00e9s l&#8217;estada a l&#8217;estranger que, per raons d&#8217;estudi, realitza un\/a estudiant d&#8217;educaci\u00f3 secund\u00e0ria durant un per\u00edode d&#8217;entre 1 i 12 mesos. Durant aquest temps, l&#8217;alumne\/a viu amb una fam\u00edlia d&#8217;acollida i va di\u00e0riament a classe. Enguany la <strong>Irene Vicho,<\/strong> de 4t ESO, va poder gaudir d&#8217;una estada de 37 dies al citat Liceo Linguistico de Courmayeur. A it\u00e0lia, els centres de secund\u00e0ria s&#8217;estructuren per especialitats i aquest centre est\u00e0 especialitzat en lleng\u00fces. All\u00e0, la Irene va allotjar-se amb una fam\u00edlia de l&#8217;escola i compartia classes amb la seva companya, que vindr\u00e0 a fer una estada a l&#8217;Institut\u00a0 Montbui, el proper curs 2024-2025.<\/p>\n<p><strong>Primera participaci\u00f3 en l&#8217;Erasmus+<\/strong><\/p>\n<p>L&#8217;institut Montbui participa per primer cop en el programa Erasmus + 2022-2027. Es tracta d&#8217;un programa finan\u00e7at per la UE i que promou 4 pilars b\u00e0sics: la inclusi\u00f3 i la diversitat, la transformaci\u00f3 digital, medi ambient i lluita contra el canvi clim\u00e0tic i, participaci\u00f3 en la vida democr\u00e0tica valors comuns i comprom\u00eds c\u00edvic.<\/p>\n<p><a href=\"https:\/\/agora.xtec.cat\/iesmontbui\/wp-content\/uploads\/usu145\/2024\/06\/Logo-Cofinancat-Erasmus-UE-1.jpg\"><img loading=\"lazy\" decoding=\"async\" class=\"size-medium wp-image-10055 aligncenter\" src=\"https:\/\/agora.xtec.cat\/iesmontbui\/wp-content\/uploads\/usu145\/2024\/06\/Logo-Cofinancat-Erasmus-UE-1-300x92.jpg\" alt=\"\" width=\"300\" height=\"92\" srcset=\"https:\/\/agora.xtec.cat\/iesmontbui\/wp-content\/uploads\/usu145\/2024\/06\/Logo-Cofinancat-Erasmus-UE-1-300x92.jpg 300w, https:\/\/agora.xtec.cat\/iesmontbui\/wp-content\/uploads\/usu145\/2024\/06\/Logo-Cofinancat-Erasmus-UE-1-1024x314.jpg 1024w, https:\/\/agora.xtec.cat\/iesmontbui\/wp-content\/uploads\/usu145\/2024\/06\/Logo-Cofinancat-Erasmus-UE-1-768x235.jpg 768w, https:\/\/agora.xtec.cat\/iesmontbui\/wp-content\/uploads\/usu145\/2024\/06\/Logo-Cofinancat-Erasmus-UE-1-1536x470.jpg 1536w, https:\/\/agora.xtec.cat\/iesmontbui\/wp-content\/uploads\/usu145\/2024\/06\/Logo-Cofinancat-Erasmus-UE-1.jpg 2048w\" sizes=\"auto, (max-width: 300px) 100vw, 300px\" \/><\/a><\/p>\n","protected":false},"excerpt":{"rendered":"<p>Un grup de catorze alumnes de 4t d&#8217;ESO, acompanyats per dos docents del centre, ha viatjat el darrer mes de maig a la Vall d&#8217;Aosta (It\u00e0lia), en el marc del programa de mobilitat europeu Erasmus+, del qual l&#8217;institut en forma part.\u00a0Sota el paraigua del projecte&hellip;  <a href=\"https:\/\/agora.xtec.cat\/iesmontbui\/eso\/eso-4\/un-erasmus-que-marca-la-diferencia\/\" title=\"Read Un Erasmus+ que marca la difer\u00e8ncia\">Llegeix m\u00e9s\u00bb<\/a><\/p>\n","protected":false},"author":66,"featured_media":10052,"comment_status":"open","ping_status":"closed","sticky":false,"template":"","format":"standard","meta":{"_bbp_topic_count":0,"_bbp_reply_count":0,"_bbp_total_topic_count":0,"_bbp_total_reply_count":0,"_bbp_voice_count":0,"_bbp_anonymous_reply_count":0,"_bbp_topic_count_hidden":0,"_bbp_reply_count_hidden":0,"_bbp_forum_subforum_count":0,"footnotes":""},"categories":[401,7,29],"tags":[96,794,609,793],"class_list":["post-10048","post","type-post","status-publish","format-standard","has-post-thumbnail","hentry","category-erasmus","category-eso-4","category-portada","tag-erasmus","tag-every-drop-makes-a-difference","tag-irene-vicho","tag-liceo-linguistico-de-courmayeur"],"post_mailing_queue_ids":[],"_links":{"self":[{"href":"https:\/\/agora.xtec.cat\/iesmontbui\/wp-json\/wp\/v2\/posts\/10048","targetHints":{"allow":["GET"]}}],"collection":[{"href":"https:\/\/agora.xtec.cat\/iesmontbui\/wp-json\/wp\/v2\/posts"}],"about":[{"href":"https:\/\/agora.xtec.cat\/iesmontbui\/wp-json\/wp\/v2\/types\/post"}],"author":[{"embeddable":true,"href":"https:\/\/agora.xtec.cat\/iesmontbui\/wp-json\/wp\/v2\/users\/66"}],"replies":[{"embeddable":true,"href":"https:\/\/agora.xtec.cat\/iesmontbui\/wp-json\/wp\/v2\/comments?post=10048"}],"version-history":[{"count":6,"href":"https:\/\/agora.xtec.cat\/iesmontbui\/wp-json\/wp\/v2\/posts\/10048\/revisions"}],"predecessor-version":[{"id":10062,"href":"https:\/\/agora.xtec.cat\/iesmontbui\/wp-json\/wp\/v2\/posts\/10048\/revisions\/10062"}],"wp:featuredmedia":[{"embeddable":true,"href":"https:\/\/agora.xtec.cat\/iesmontbui\/wp-json\/wp\/v2\/media\/10052"}],"wp:attachment":[{"href":"https:\/\/agora.xtec.cat\/iesmontbui\/wp-json\/wp\/v2\/media?parent=10048"}],"wp:term":[{"taxonomy":"category","embeddable":true,"href":"https:\/\/agora.xtec.cat\/iesmontbui\/wp-json\/wp\/v2\/categories?post=10048"},{"taxonomy":"post_tag","embeddable":true,"href":"https:\/\/agora.xtec.cat\/iesmontbui\/wp-json\/wp\/v2\/tags?post=10048"}],"curies":[{"name":"wp","href":"https:\/\/api.w.org\/{rel}","templated":true}]}}