{"id":10038,"date":"2024-06-03T20:07:20","date_gmt":"2024-06-03T18:07:20","guid":{"rendered":"https:\/\/agora.xtec.cat\/iesmontbui\/?p=10038"},"modified":"2024-06-05T06:43:23","modified_gmt":"2024-06-05T04:43:23","slug":"el-projecte-de-lhort-lemblema-de-lescola-verda","status":"publish","type":"post","link":"https:\/\/agora.xtec.cat\/iesmontbui\/eso\/eso-1\/el-projecte-de-lhort-lemblema-de-lescola-verda\/","title":{"rendered":"El projecte de l&#8217;hort: l&#8217;emblema de l&#8217;Escola Verda"},"content":{"rendered":"<p><a href=\"https:\/\/agora.xtec.cat\/iesmontbui\/wp-content\/uploads\/usu145\/2024\/06\/WhatsApp-Image-2024-06-03-at-09.14.45-3.jpeg\"><img loading=\"lazy\" decoding=\"async\" class=\" wp-image-10039 aligncenter\" src=\"https:\/\/agora.xtec.cat\/iesmontbui\/wp-content\/uploads\/usu145\/2024\/06\/WhatsApp-Image-2024-06-03-at-09.14.45-3-300x169.jpeg\" alt=\"\" width=\"343\" height=\"204\" \/><\/a><\/p>\n<p>A les acaballes del curs 2023-2024, \u00e9s el moment de repassar en qu\u00e8 ha consistit el <strong>projecte Hort,<\/strong> una activitat amb periodicitat trimestral que es realitza amb alumnat de <strong>primer i segon d&#8217;ESO.<\/strong> El resum el fa, en primera persona, la professora de Biologia i Geologia i responsable del projecte, <strong>Merc\u00e8 Carta\u00f1\u00e0.\u00a0<\/strong><\/p>\n<p><strong>Primer trimestre\u00a0<\/strong><\/p>\n<p>&#8220;Plantem hortalisses de temporada: al primer trimestre, tornant de l&#8217;estiu, en qu\u00e8 l&#8217;hort queda abandonat, hi ha molta feina a treure herbes, adobar i posar-lo a punt per poder plantar. Una part es fa de planter comprat al sindicat de pagesos i una altra de llavors sembrades directament&#8221;.<\/p>\n<p>&#8220;Cap a mig trimestre ja vam poder plantar cols, de diferents varietats, enciams escaroles, cebes de fer cal\u00e7ots, alls-porros, cebes, faves i p\u00e8sols (sembrats), bledes, espinacs i remolatxes. Nom\u00e9s vam collir uns quants enciams, perqu\u00e8 tot estava en proc\u00e9s de creixement. Tot i tenir el sistema de reg de degoteig, a causa de la sequera, les hortalisses van quedar petites&#8221;.<\/p>\n<p><strong>Segon i tercer trimestre\u00a0<\/strong><\/p>\n<p>&#8220;Al segon trimestre -explica la Merc\u00e8- ja vam collir els cal\u00e7ots, faves, p\u00e8sols, pastanagues i bledes. Vam tornar a plantar enciams i al mes de mar\u00e7, ja vam sembrar les patates i algunes tomaqueres, pebroteres i alberginieres. Al tercer trimestre hem afegit m\u00e9s tomaqueres pebroteres, alberg\u00ednies, cebes&#8230; aquesta setmana, en ser la darrera setmana d&#8217;hort, hem preferit collir les patates, tot i que \u00e9s una mica aviat, i que els alumnes les puguin gaudir a casa seva. Tamb\u00e9 tenim 4 arbres fruiters i enguany el nesprer ja ha fet moltes nespres, que els alumnes han degustat mentre treballaven.<\/p>\n<p>Quan no hi ha feina a l&#8217;hort fem tasques de jardineria de manteniment de les zones &#8220;verdes&#8221; del pati. El cultiu el fem completament ecol\u00f2gic (sense cap mena de pesticides, ni herbicides) i adobem amb compost org\u00e0nic, que comprem, quan no en tenim de nostre. Nosaltres mateixos compostem tota l&#8217;herba que traiem i ho recuperem per l&#8217;hort, d&#8217;un any per un altre, ja que el proc\u00e9s de compostatge \u00e9s de 9 mesos.<\/p>\n<p><strong>Sortida a l&#8217;Ecomercaderet\u00a0<\/strong><\/p>\n<p>Un projecte que tamb\u00e9 implica sortir del centre. &#8220;Amb el grup de segon fem una sortida trimestral a<a href=\"https:\/\/ecomercaderet.cat\"> Ecomercaderet, <\/a>una masia del nostre municipi (Can Mercaderet), que funciona com una cooperativa agr\u00edcola i ramadera completament ecol\u00f2giques. Hi anem a peu i ens ocupa tot el mat\u00ed. Ens fan una visita guiada per l&#8217;hort ecol\u00f2gic, les zones de pastura i de munyir les vaques i el galliner m\u00f2bil. Tamb\u00e9 vam veure l&#8217;obrador on fan els productes l\u00e0ctics i al final ens van oferir una degustaci\u00f3 de iogurt i gelats. L&#8217;alumnat pot constatar que \u00e9s possible i rendible cultivar productes amb m\u00e8todes naturals, respectant la natura, els cicles vitals i la flora i fauna aut\u00f2ctons i a m\u00e9s de proximitat, sense les emissions del transport a llocs llunyans&#8221;.<\/p>\n<p>Un any en qu\u00e8, novament, el projecte ha donat els seus fruits, com corrobora la Merc\u00e8: &#8220;Tothom queda content i t\u00e9 ganes de tornar i repetir l&#8217;experi\u00e8ncia. Agra\u00efm al centre el suport econ\u00f2mic que fa que l&#8217;hort sigui possible cada any i als companys que col\u00b7laboren amb la seva codoc\u00e8ncia&#8221;, conclou.<\/p>\n<p>&nbsp;<\/p>\n","protected":false},"excerpt":{"rendered":"<p><a href=\"https:\/\/agora.xtec.cat\/iesmontbui\/wp-content\/uploads\/usu145\/2024\/06\/WhatsApp-Image-2024-06-03-at-09.14.45-3.jpeg\"><\/a><br \/>\nA les acaballes del curs 2023-2024, \u00e9s el moment de repassar en qu\u00e8 ha consistit el projecte Hort, una activitat amb periodicitat trimestral que es realitza amb alumnat de primer i segon d&#8217;ESO. El resum el fa, en primera persona, la professora de Biologia&hellip;  <a href=\"https:\/\/agora.xtec.cat\/iesmontbui\/eso\/eso-1\/el-projecte-de-lhort-lemblema-de-lescola-verda\/\" title=\"Read El projecte de l&#8217;hort: l&#8217;emblema de l&#8217;Escola Verda\">Llegeix m\u00e9s\u00bb<\/a><\/p>\n","protected":false},"author":66,"featured_media":10039,"comment_status":"open","ping_status":"closed","sticky":false,"template":"","format":"standard","meta":{"_bbp_topic_count":0,"_bbp_reply_count":0,"_bbp_total_topic_count":0,"_bbp_total_reply_count":0,"_bbp_voice_count":0,"_bbp_anonymous_reply_count":0,"_bbp_topic_count_hidden":0,"_bbp_reply_count_hidden":0,"_bbp_forum_subforum_count":0,"footnotes":""},"categories":[350,4,5,29],"tags":[650,788,560,787,789],"class_list":["post-10038","post","type-post","status-publish","format-standard","has-post-thumbnail","hentry","category-escola-verda","category-eso-1","category-eso-2","category-portada","tag-ecomercaderet","tag-hort","tag-merce-cartana","tag-projecte-hort","tag-projecte-hort-2023-24"],"post_mailing_queue_ids":[],"_links":{"self":[{"href":"https:\/\/agora.xtec.cat\/iesmontbui\/wp-json\/wp\/v2\/posts\/10038","targetHints":{"allow":["GET"]}}],"collection":[{"href":"https:\/\/agora.xtec.cat\/iesmontbui\/wp-json\/wp\/v2\/posts"}],"about":[{"href":"https:\/\/agora.xtec.cat\/iesmontbui\/wp-json\/wp\/v2\/types\/post"}],"author":[{"embeddable":true,"href":"https:\/\/agora.xtec.cat\/iesmontbui\/wp-json\/wp\/v2\/users\/66"}],"replies":[{"embeddable":true,"href":"https:\/\/agora.xtec.cat\/iesmontbui\/wp-json\/wp\/v2\/comments?post=10038"}],"version-history":[{"count":4,"href":"https:\/\/agora.xtec.cat\/iesmontbui\/wp-json\/wp\/v2\/posts\/10038\/revisions"}],"predecessor-version":[{"id":10063,"href":"https:\/\/agora.xtec.cat\/iesmontbui\/wp-json\/wp\/v2\/posts\/10038\/revisions\/10063"}],"wp:featuredmedia":[{"embeddable":true,"href":"https:\/\/agora.xtec.cat\/iesmontbui\/wp-json\/wp\/v2\/media\/10039"}],"wp:attachment":[{"href":"https:\/\/agora.xtec.cat\/iesmontbui\/wp-json\/wp\/v2\/media?parent=10038"}],"wp:term":[{"taxonomy":"category","embeddable":true,"href":"https:\/\/agora.xtec.cat\/iesmontbui\/wp-json\/wp\/v2\/categories?post=10038"},{"taxonomy":"post_tag","embeddable":true,"href":"https:\/\/agora.xtec.cat\/iesmontbui\/wp-json\/wp\/v2\/tags?post=10038"}],"curies":[{"name":"wp","href":"https:\/\/api.w.org\/{rel}","templated":true}]}}