{"id":10013,"date":"2024-05-30T16:01:29","date_gmt":"2024-05-30T14:01:29","guid":{"rendered":"https:\/\/agora.xtec.cat\/iesmontbui\/?p=10013"},"modified":"2024-05-30T16:04:01","modified_gmt":"2024-05-30T14:04:01","slug":"el-grand-slam-de-la-poesia","status":"publish","type":"post","link":"https:\/\/agora.xtec.cat\/iesmontbui\/eso\/eso-2\/el-grand-slam-de-la-poesia\/","title":{"rendered":"El Grand Slam de la poesia"},"content":{"rendered":"<p><a href=\"https:\/\/agora.xtec.cat\/iesmontbui\/wp-content\/uploads\/usu145\/2024\/05\/D-1-scaled.jpg\"><img loading=\"lazy\" decoding=\"async\" class=\" wp-image-10015 aligncenter\" src=\"https:\/\/agora.xtec.cat\/iesmontbui\/wp-content\/uploads\/usu145\/2024\/05\/D-1-300x225.jpg\" alt=\"\" width=\"362\" height=\"241\" \/><\/a><\/p>\n<p>Per tercer any consecutiu, l&#8217;alumnat de segon d&#8217;ESO, guiat pels <em>slammers<\/em> professionals <strong>Crisal Rodriguez <\/strong>i <strong>Germ\u00e1n Chocero<\/strong> (membres de l&#8217;<a href=\"https:\/\/sites.google.com\/view\/culturaexcentrica\/inicio\">Associaci\u00f3 Cultura Exc\u00eantrica<\/a>), ha participat en tres sessions del taller de<strong> Slam Poetry.<\/strong> \u00c9s una activitat de 50% poesia i 50% interpretaci\u00f3; una competici\u00f3 po\u00e8tica amb tres premisses: <strong>poema propi, una durada de tres minuts i tan sols veu i cos.<\/strong> Un\u00a0format \u00e0gil, din\u00e0mic i participatiu on l&#8217;alumnat ha pogut treballar les <strong>habilitats expressives i de comunicaci\u00f3.<\/strong><\/p>\n<p>Podeu veure un recull d&#8217;imatges a l&#8217;Instagram de l&#8217;institut.<\/p>\n<p>&nbsp;<\/p>\n<p>&nbsp;<\/p>\n<div>\n<div>\n<div><\/div>\n<\/div>\n<\/div>\n","protected":false},"excerpt":{"rendered":"<p><a href=\"https:\/\/agora.xtec.cat\/iesmontbui\/wp-content\/uploads\/usu145\/2024\/05\/D-1-scaled.jpg\"><\/a><br \/>\nPer tercer any consecutiu, l&#8217;alumnat de segon d&#8217;ESO, guiat pels slammers professionals Crisal Rodriguez i Germ\u00e1n Chocero (membres de l&#8217;<a href=\"https:\/\/sites.google.com\/view\/culturaexcentrica\/inicio\">Associaci\u00f3 Cultura Exc\u00eantrica<\/a>), ha participat en tres sessions del taller de Slam Poetry. \u00c9s una activitat de 50% poesia i 50% interpretaci\u00f3; una competici\u00f3&hellip;  <a href=\"https:\/\/agora.xtec.cat\/iesmontbui\/eso\/eso-2\/el-grand-slam-de-la-poesia\/\" title=\"Read El Grand Slam de la poesia\">Llegeix m\u00e9s\u00bb<\/a><\/p>\n","protected":false},"author":66,"featured_media":10014,"comment_status":"open","ping_status":"closed","sticky":false,"template":"","format":"standard","meta":{"_bbp_topic_count":0,"_bbp_reply_count":0,"_bbp_total_topic_count":0,"_bbp_total_reply_count":0,"_bbp_voice_count":0,"_bbp_anonymous_reply_count":0,"_bbp_topic_count_hidden":0,"_bbp_reply_count_hidden":0,"_bbp_forum_subforum_count":0,"footnotes":""},"categories":[5,29],"tags":[779,210,237,518,413,177,778],"class_list":["post-10013","post","type-post","status-publish","format-standard","has-post-thumbnail","hentry","category-eso-2","category-portada","tag-associacio-cultura-excentrica","tag-comunicacio","tag-expressio","tag-llengua-castellana","tag-llengua-castellana-i-literatura","tag-poesia","tag-slam-poetry"],"post_mailing_queue_ids":[],"_links":{"self":[{"href":"https:\/\/agora.xtec.cat\/iesmontbui\/wp-json\/wp\/v2\/posts\/10013","targetHints":{"allow":["GET"]}}],"collection":[{"href":"https:\/\/agora.xtec.cat\/iesmontbui\/wp-json\/wp\/v2\/posts"}],"about":[{"href":"https:\/\/agora.xtec.cat\/iesmontbui\/wp-json\/wp\/v2\/types\/post"}],"author":[{"embeddable":true,"href":"https:\/\/agora.xtec.cat\/iesmontbui\/wp-json\/wp\/v2\/users\/66"}],"replies":[{"embeddable":true,"href":"https:\/\/agora.xtec.cat\/iesmontbui\/wp-json\/wp\/v2\/comments?post=10013"}],"version-history":[{"count":2,"href":"https:\/\/agora.xtec.cat\/iesmontbui\/wp-json\/wp\/v2\/posts\/10013\/revisions"}],"predecessor-version":[{"id":10017,"href":"https:\/\/agora.xtec.cat\/iesmontbui\/wp-json\/wp\/v2\/posts\/10013\/revisions\/10017"}],"wp:featuredmedia":[{"embeddable":true,"href":"https:\/\/agora.xtec.cat\/iesmontbui\/wp-json\/wp\/v2\/media\/10014"}],"wp:attachment":[{"href":"https:\/\/agora.xtec.cat\/iesmontbui\/wp-json\/wp\/v2\/media?parent=10013"}],"wp:term":[{"taxonomy":"category","embeddable":true,"href":"https:\/\/agora.xtec.cat\/iesmontbui\/wp-json\/wp\/v2\/categories?post=10013"},{"taxonomy":"post_tag","embeddable":true,"href":"https:\/\/agora.xtec.cat\/iesmontbui\/wp-json\/wp\/v2\/tags?post=10013"}],"curies":[{"name":"wp","href":"https:\/\/api.w.org\/{rel}","templated":true}]}}