{"id":10004,"date":"2024-05-29T10:53:15","date_gmt":"2024-05-29T08:53:15","guid":{"rendered":"https:\/\/agora.xtec.cat\/iesmontbui\/?p=10004"},"modified":"2024-05-29T10:55:36","modified_gmt":"2024-05-29T08:55:36","slug":"la-tecnologia-de-linstitut-una-bona-mostra","status":"publish","type":"post","link":"https:\/\/agora.xtec.cat\/iesmontbui\/portada\/la-tecnologia-de-linstitut-una-bona-mostra\/","title":{"rendered":"La tecnologia de l&#8217;institut, una bona mostra"},"content":{"rendered":"<p><a href=\"https:\/\/agora.xtec.cat\/iesmontbui\/wp-content\/uploads\/usu145\/2024\/05\/WhatsApp-Image-2024-05-24-at-15.12.48-1.jpeg\"><img loading=\"lazy\" decoding=\"async\" class=\" wp-image-10006 aligncenter\" src=\"https:\/\/agora.xtec.cat\/iesmontbui\/wp-content\/uploads\/usu145\/2024\/05\/WhatsApp-Image-2024-05-24-at-15.12.48-1-300x225.jpeg\" alt=\"\" width=\"323\" height=\"242\" srcset=\"https:\/\/agora.xtec.cat\/iesmontbui\/wp-content\/uploads\/usu145\/2024\/05\/WhatsApp-Image-2024-05-24-at-15.12.48-1-300x225.jpeg 300w, https:\/\/agora.xtec.cat\/iesmontbui\/wp-content\/uploads\/usu145\/2024\/05\/WhatsApp-Image-2024-05-24-at-15.12.48-1-1024x768.jpeg 1024w, https:\/\/agora.xtec.cat\/iesmontbui\/wp-content\/uploads\/usu145\/2024\/05\/WhatsApp-Image-2024-05-24-at-15.12.48-1-768x576.jpeg 768w, https:\/\/agora.xtec.cat\/iesmontbui\/wp-content\/uploads\/usu145\/2024\/05\/WhatsApp-Image-2024-05-24-at-15.12.48-1-1536x1152.jpeg 1536w, https:\/\/agora.xtec.cat\/iesmontbui\/wp-content\/uploads\/usu145\/2024\/05\/WhatsApp-Image-2024-05-24-at-15.12.48-1-200x150.jpeg 200w, https:\/\/agora.xtec.cat\/iesmontbui\/wp-content\/uploads\/usu145\/2024\/05\/WhatsApp-Image-2024-05-24-at-15.12.48-1.jpeg 1600w\" sizes=\"auto, (max-width: 323px) 100vw, 323px\" \/><\/a><\/p>\n<p>El passat divendres 24 de Maig una selecci\u00f3 d&#8217;alumnat del Institut Montbui va participar al <strong>Mercat de la Tecnologia 2024<\/strong> d&#8217;Igualada. El nostre alumnat va presentar a professorat i alumnat d&#8217;altres centres de la comarca els projectes tecnol\u00f2gics que han dissenyat i constru\u00eft enguany a l&#8217;Institut. A m\u00e9s a m\u00e9s, varen participar de diferents<strong> tallers tecnol\u00f2gics<\/strong> aix\u00ed com d&#8217;una confer\u00e8ncia sobre l&#8217;univers <strong>&#8220;Mart, la seg\u00fcent frontera?&#8221;<\/strong> a c\u00e0rrec del divulgador cient\u00edfic <strong>Joan Anton Catal\u00e0.<\/strong> La jornada va servir per poder compartir experi\u00e8ncies i alhora observar possibles escenaris i reptes de futur dins del mon de la tecnologia.<\/p>\n","protected":false},"excerpt":{"rendered":"<p><a href=\"https:\/\/agora.xtec.cat\/iesmontbui\/wp-content\/uploads\/usu145\/2024\/05\/WhatsApp-Image-2024-05-24-at-15.12.48-1.jpeg\"><\/a><br \/>\nEl passat divendres 24 de Maig una selecci\u00f3 d&#8217;alumnat del Institut Montbui va participar al Mercat de la Tecnologia 2024 d&#8217;Igualada. El nostre alumnat va presentar a professorat i alumnat d&#8217;altres centres de la comarca els projectes tecnol\u00f2gics que han dissenyat i constru\u00eft enguany&hellip;  <a href=\"https:\/\/agora.xtec.cat\/iesmontbui\/portada\/la-tecnologia-de-linstitut-una-bona-mostra\/\" title=\"Read La tecnologia de l&#8217;institut, una bona mostra\">Llegeix m\u00e9s\u00bb<\/a><\/p>\n","protected":false},"author":66,"featured_media":10005,"comment_status":"open","ping_status":"closed","sticky":false,"template":"","format":"standard","meta":{"_bbp_topic_count":0,"_bbp_reply_count":0,"_bbp_total_topic_count":0,"_bbp_total_reply_count":0,"_bbp_voice_count":0,"_bbp_anonymous_reply_count":0,"_bbp_topic_count_hidden":0,"_bbp_reply_count_hidden":0,"_bbp_forum_subforum_count":0,"footnotes":""},"categories":[122,29],"tags":[773,772],"class_list":["post-10004","post","type-post","status-publish","format-standard","has-post-thumbnail","hentry","category-deptecno","category-portada","tag-joan-anton-catala","tag-mercat-tecnologia-2024"],"post_mailing_queue_ids":[],"_links":{"self":[{"href":"https:\/\/agora.xtec.cat\/iesmontbui\/wp-json\/wp\/v2\/posts\/10004","targetHints":{"allow":["GET"]}}],"collection":[{"href":"https:\/\/agora.xtec.cat\/iesmontbui\/wp-json\/wp\/v2\/posts"}],"about":[{"href":"https:\/\/agora.xtec.cat\/iesmontbui\/wp-json\/wp\/v2\/types\/post"}],"author":[{"embeddable":true,"href":"https:\/\/agora.xtec.cat\/iesmontbui\/wp-json\/wp\/v2\/users\/66"}],"replies":[{"embeddable":true,"href":"https:\/\/agora.xtec.cat\/iesmontbui\/wp-json\/wp\/v2\/comments?post=10004"}],"version-history":[{"count":1,"href":"https:\/\/agora.xtec.cat\/iesmontbui\/wp-json\/wp\/v2\/posts\/10004\/revisions"}],"predecessor-version":[{"id":10007,"href":"https:\/\/agora.xtec.cat\/iesmontbui\/wp-json\/wp\/v2\/posts\/10004\/revisions\/10007"}],"wp:featuredmedia":[{"embeddable":true,"href":"https:\/\/agora.xtec.cat\/iesmontbui\/wp-json\/wp\/v2\/media\/10005"}],"wp:attachment":[{"href":"https:\/\/agora.xtec.cat\/iesmontbui\/wp-json\/wp\/v2\/media?parent=10004"}],"wp:term":[{"taxonomy":"category","embeddable":true,"href":"https:\/\/agora.xtec.cat\/iesmontbui\/wp-json\/wp\/v2\/categories?post=10004"},{"taxonomy":"post_tag","embeddable":true,"href":"https:\/\/agora.xtec.cat\/iesmontbui\/wp-json\/wp\/v2\/tags?post=10004"}],"curies":[{"name":"wp","href":"https:\/\/api.w.org\/{rel}","templated":true}]}}