{"id":324,"count":6,"description":"<p style=\"text-align: justify;\">Durant el darrer trimestre del curs 2019-2020, l'alumnat del projecte \"Comunicaci\u00f3 audiovisual (AVANCEM)\" de 3r d'ESO va enregistrar una s\u00e8rie de programes de r\u00e0dio sobre les seves experi\u00e8ncies durant el confinament degut al COVID-19. Els cursos 2020-21, 2021-22, 2022-23, 2023-24, 2024-25 s'ha continuat el projecte fent comunicaci\u00f3 amb edici\u00f3 d'imatge i audio.<\/p>","link":"https:\/\/agora.xtec.cat\/iesmontbui\/categoria\/radio\/","name":"R\u00e0dio i audiovisual","slug":"radio","taxonomy":"category","parent":0,"meta":[],"_links":{"self":[{"href":"https:\/\/agora.xtec.cat\/iesmontbui\/wp-json\/wp\/v2\/categories\/324","targetHints":{"allow":["GET"]}}],"collection":[{"href":"https:\/\/agora.xtec.cat\/iesmontbui\/wp-json\/wp\/v2\/categories"}],"about":[{"href":"https:\/\/agora.xtec.cat\/iesmontbui\/wp-json\/wp\/v2\/taxonomies\/category"}],"wp:post_type":[{"href":"https:\/\/agora.xtec.cat\/iesmontbui\/wp-json\/wp\/v2\/posts?categories=324"}],"curies":[{"name":"wp","href":"https:\/\/api.w.org\/{rel}","templated":true}]}}