{"id":147,"count":14,"description":"Des de l'any 2014, l'Institut Montbui realitza anualment dos intercanvis ling\u00fc\u00edstics, ofertats al llarg de l'etapa d'ESO i Batxillerat:\r\n<ul>\r\n \t<li>Intercanvi amb Fran\u00e7a: Intercanvi realitzat amb un Institut de la Catalunya Nord per tal de practicar en franc\u00e9s, adre\u00e7at a alumnes de franc\u00e9s de 3r i 4t d'ESO.<\/li>\r\n \t<li>Interncavi amb Alemanya: Intercanvi realitzat amb un Institut d'Alemanya, adre\u00e7at a alumnes de 1r i 2n de Batxillerat, per tal de refor\u00e7ar la llengua anglesa.<\/li>\r\n<\/ul>\r\nTots els intercanvis es realitzen amb una estada al institut estranger i les families dels seus estudiants, i una estada dels alumnes estrangers al nostre institut. Una gran experi\u00e8ncia que pels estudiants va molt m\u00e9s enll\u00e0 del pluriling\u00fcisme!","link":"https:\/\/agora.xtec.cat\/iesmontbui\/categoria\/intercanvi\/","name":"Intercanvis Pluriling\u00fcistes","slug":"intercanvi","taxonomy":"category","parent":0,"meta":[],"_links":{"self":[{"href":"https:\/\/agora.xtec.cat\/iesmontbui\/wp-json\/wp\/v2\/categories\/147","targetHints":{"allow":["GET"]}}],"collection":[{"href":"https:\/\/agora.xtec.cat\/iesmontbui\/wp-json\/wp\/v2\/categories"}],"about":[{"href":"https:\/\/agora.xtec.cat\/iesmontbui\/wp-json\/wp\/v2\/taxonomies\/category"}],"wp:post_type":[{"href":"https:\/\/agora.xtec.cat\/iesmontbui\/wp-json\/wp\/v2\/posts?categories=147"}],"curies":[{"name":"wp","href":"https:\/\/api.w.org\/{rel}","templated":true}]}}