{"id":126,"count":51,"description":"<a href=\"https:\/\/agora.xtec.cat\/iesmontbui\/img-20231027-wa0009\/\" rel=\"attachment wp-att-9481\"><img class=\"wp-image-9481 aligncenter\" src=\"https:\/\/agora.xtec.cat\/iesmontbui\/wp-content\/uploads\/usu145\/2024\/02\/IMG-20231027-WA0009.jpg\" alt=\"\" width=\"378\" height=\"283\" \/><\/a>\r\n\r\nLes professores i professors del Departament d'Humanitats us volem donar la benvinguda al nostre rac\u00f3 web! Aqu\u00ed podreu trobar la principal informaci\u00f3 del departament , les fulles de presentaci\u00f3 de l'assignatura en els diferents cursos i totes aquelles not\u00edcies i curiositats que volem compartir.\r\n<h4>Fulls de presentaci\u00f3 de l'assignatura<\/h4>\r\nA continuaci\u00f3 es poden visualitzar els fulls de presentaci\u00f3 de l'assignatura de\u00a0les assigantures de Socials i Cultura i Valors, aix\u00ed com de les assignatures que cursem a nivell de Batxillerat. Nom\u00e9s cal clicar sobre el curs que es desitgi consultar la informaci\u00f3.\r\n<table class=\" aligncenter\" style=\"width: 628px; height: 100px; border-color: #f6f6f6; background-color: #f6f6f6;\">\r\n<tbody>\r\n<tr style=\"height: 83px;\">\r\n<td style=\"width: 82px; height: 83px; border-color: #f6f6f6; background-color: #f6f6f6;\">1r d'ESO<\/td>\r\n<td style=\"width: 82px; height: 83px; border-color: #f6f6f6; background-color: #f6f6f6;\">2n d'ESO<\/td>\r\n<td style=\"width: 82px; height: 83px; border-color: #f6f6f6; background-color: #f6f6f6;\">3r d'ESO<\/td>\r\n<td style=\"width: 82px; height: 83px; border-color: #f6f6f6; background-color: #f6f6f6;\">4t d'ESO<\/td>\r\n<td style=\"width: 146px; height: 83px; border-color: #f6f6f6; background-color: #f6f6f6;\">1r Batx Cient\u00edfic\r\n\r\n1r Batx C. Socials<\/td>\r\n<td style=\"width: 146px; height: 83px; border-color: #f6f6f6; background-color: #f6f6f6; text-align: center; vertical-align: middle;\">2n Batx Cient\u00edfic\r\n\r\n2n Batx C. Socials<\/td>\r\n<\/tr>\r\n<\/tbody>\r\n<\/table>","link":"https:\/\/agora.xtec.cat\/iesmontbui\/categoria\/dephumanitats\/","name":"Departament d'Humanitats","slug":"dephumanitats","taxonomy":"category","parent":0,"meta":[],"_links":{"self":[{"href":"https:\/\/agora.xtec.cat\/iesmontbui\/wp-json\/wp\/v2\/categories\/126","targetHints":{"allow":["GET"]}}],"collection":[{"href":"https:\/\/agora.xtec.cat\/iesmontbui\/wp-json\/wp\/v2\/categories"}],"about":[{"href":"https:\/\/agora.xtec.cat\/iesmontbui\/wp-json\/wp\/v2\/taxonomies\/category"}],"wp:post_type":[{"href":"https:\/\/agora.xtec.cat\/iesmontbui\/wp-json\/wp\/v2\/posts?categories=126"}],"curies":[{"name":"wp","href":"https:\/\/api.w.org\/{rel}","templated":true}]}}