{"id":3835,"date":"2026-03-12T08:55:34","date_gmt":"2026-03-12T07:55:34","guid":{"rendered":"https:\/\/agora.xtec.cat\/iesmollet\/?p=3835"},"modified":"2026-03-26T13:36:55","modified_gmt":"2026-03-26T12:36:55","slug":"fpgb-presentacio-2026-2027","status":"publish","type":"post","link":"https:\/\/agora.xtec.cat\/iesmollet\/general\/fpgb-presentacio-2026-2027\/","title":{"rendered":"CFGB (presentaci\u00f3 2026-2027)"},"content":{"rendered":"<p><strong>COMENCEM! Preparant el curs 2026-2027 del CFGB de Fabricaci\u00f3 i Muntatge<\/strong><\/p>\n<p>Des de l\u2019Institut Mollet ja comencem a preparar el proper curs del CFGB de Fabricaci\u00f3 i Muntatge i us volem avan\u00e7ar la informaci\u00f3 inicial sobre el proc\u00e9s de preinscripci\u00f3.<br \/>\nSegons la informaci\u00f3 orientativa publicada al portal de preinscripci\u00f3 de la Generalitat, el per\u00edode de presentaci\u00f3 de sol\u00b7licituds est\u00e0 previst del 4 al 13 de maig, probablement en format telem\u00e0tic.<br \/>\nPodeu consultar la informaci\u00f3 al portal oficial:<\/p>\n<p><a href=\"https:\/\/preinscripcio.gencat.cat\/ca\/detalls\/noticia\/dates-preinscripcio-2026-2027\">https:\/\/preinscripcio.gencat.cat\/ca\/detalls\/noticia\/dates-preinscripcio-2026-2027<\/a><\/p>\n<p>Tan bon punt aquesta informaci\u00f3 es confirmi oficialment, us la farem arribar actualitzada.<\/p>\n<p>Si voleu con\u00e8ixer millor el cicle, rebre material informatiu o resoldre dubtes, us animem a contactar amb nosaltres al correu: <em>secretaria@insmollet.cat<\/em><br \/>\nA l\u2019Institut Mollet comptem amb un equip docent que acompanya l\u2019alumnat i les fam\u00edlies durant tot el proc\u00e9s, i amb el departament d\u2019orientaci\u00f3 per donar suport en tot moment.<br \/>\nValorem els interessos, les habilitats i l\u2019itinerari formatiu m\u00e9s adequat per a l\u2019alumnat.<\/p>\n","protected":false},"excerpt":{"rendered":"<p>COMENCEM! Preparant el curs 2026-2027 del CFGB de Fabricaci\u00f3 i Muntatge<br \/>\nDes de l\u2019Institut Mollet ja comencem a preparar el proper curs del CFGB de Fabricaci\u00f3 i Muntatge i us volem avan\u00e7ar la informaci\u00f3 inicial sobre el proc\u00e9s de preinscripci\u00f3.<br \/>\nSegons la informaci\u00f3 orientativa publicada al portal&hellip;  <a href=\"https:\/\/agora.xtec.cat\/iesmollet\/general\/fpgb-presentacio-2026-2027\/\" title=\"Read CFGB (presentaci\u00f3 2026-2027)\">Llegeix m\u00e9s\u00bb<\/a><\/p>\n","protected":false},"author":1,"featured_media":0,"comment_status":"closed","ping_status":"closed","sticky":false,"template":"","format":"standard","meta":{"_bbp_topic_count":0,"_bbp_reply_count":0,"_bbp_total_topic_count":0,"_bbp_total_reply_count":0,"_bbp_voice_count":0,"_bbp_anonymous_reply_count":0,"_bbp_topic_count_hidden":0,"_bbp_reply_count_hidden":0,"_bbp_forum_subforum_count":0,"footnotes":""},"categories":[1,29],"tags":[],"class_list":["post-3835","post","type-post","status-publish","format-standard","hentry","category-general","category-portada"],"post_mailing_queue_ids":[],"_links":{"self":[{"href":"https:\/\/agora.xtec.cat\/iesmollet\/wp-json\/wp\/v2\/posts\/3835","targetHints":{"allow":["GET"]}}],"collection":[{"href":"https:\/\/agora.xtec.cat\/iesmollet\/wp-json\/wp\/v2\/posts"}],"about":[{"href":"https:\/\/agora.xtec.cat\/iesmollet\/wp-json\/wp\/v2\/types\/post"}],"author":[{"embeddable":true,"href":"https:\/\/agora.xtec.cat\/iesmollet\/wp-json\/wp\/v2\/users\/1"}],"replies":[{"embeddable":true,"href":"https:\/\/agora.xtec.cat\/iesmollet\/wp-json\/wp\/v2\/comments?post=3835"}],"version-history":[{"count":6,"href":"https:\/\/agora.xtec.cat\/iesmollet\/wp-json\/wp\/v2\/posts\/3835\/revisions"}],"predecessor-version":[{"id":3862,"href":"https:\/\/agora.xtec.cat\/iesmollet\/wp-json\/wp\/v2\/posts\/3835\/revisions\/3862"}],"wp:attachment":[{"href":"https:\/\/agora.xtec.cat\/iesmollet\/wp-json\/wp\/v2\/media?parent=3835"}],"wp:term":[{"taxonomy":"category","embeddable":true,"href":"https:\/\/agora.xtec.cat\/iesmollet\/wp-json\/wp\/v2\/categories?post=3835"},{"taxonomy":"post_tag","embeddable":true,"href":"https:\/\/agora.xtec.cat\/iesmollet\/wp-json\/wp\/v2\/tags?post=3835"}],"curies":[{"name":"wp","href":"https:\/\/api.w.org\/{rel}","templated":true}]}}