{"id":3833,"date":"2026-03-12T08:41:16","date_gmt":"2026-03-12T07:41:16","guid":{"rendered":"https:\/\/agora.xtec.cat\/iesmollet\/?p=3833"},"modified":"2026-03-26T13:38:05","modified_gmt":"2026-03-26T12:38:05","slug":"pfi-presentacio-2026-2027","status":"publish","type":"post","link":"https:\/\/agora.xtec.cat\/iesmollet\/general\/pfi-presentacio-2026-2027\/","title":{"rendered":"PFI  (presentaci\u00f3 2026-2027)"},"content":{"rendered":"<p><strong>Nou curs, noves oportunitats\u2026 i moltes ganes de comen\u00e7ar!<\/strong><\/p>\n<p>Els tallers ja bullen d\u2019energia, les eines estan a punt i els projectes comencen a agafar forma. Al nostre institut ho tenim tot preparat per encetar un nou curs ple d\u2019aprenentatges, descobertes i oportunitats de futur.<\/p>\n<p>Els Programes de Formaci\u00f3 i Inserci\u00f3 (PFI) s\u00f3n molt m\u00e9s que una formaci\u00f3: s\u00f3n el primer pas per trobar el teu cam\u00ed, cr\u00e9ixer personalment i obrir portes tant al m\u00f3n laboral com a continuar estudiant.<\/p>\n<p><strong>PFI Fontaneria, Calefacci\u00f3 i Climatitzaci\u00f3<\/strong><\/p>\n<p>Endinsa\u2019t en un ofici imprescindible i amb molta sortida professional. Aprendr\u00e0s a treballar amb instal\u00b7lacions reals i a dominar un sector en constant creixement.<\/p>\n<p><strong>PFI Pintura<\/strong><br \/>\nSi tens imaginaci\u00f3 i ganes de crear, aquest \u00e9s el teu espai! Desenvolupa t\u00e8cniques professionals i dona vida a projectes plens de color i personalitat.<\/p>\n<p>Tot aix\u00f2 amb un equip docent i orientador proper, implicat i amb moltes ganes d\u2019acompanyar-te en cada pas. Aqu\u00ed no nom\u00e9s s\u2019apr\u00e8n un ofici\u2026 tamb\u00e9 es construeix futur!<\/p>\n<p><img decoding=\"async\" class=\"an1\" draggable=\"false\" src=\"https:\/\/fonts.gstatic.com\/s\/e\/notoemoji\/17.0\/1f4c5\/72.png\" alt=\"\ud83d\udcc5\" data-emoji=\"\ud83d\udcc5\" aria-label=\"\ud83d\udcc5\" \/>\u00a0<strong>Apunta\u2019t les dates!<\/strong><br \/>\n<img decoding=\"async\" class=\"an1\" draggable=\"false\" src=\"https:\/\/fonts.gstatic.com\/s\/e\/notoemoji\/17.0\/1f449\/72.png\" alt=\"\ud83d\udc49\" data-emoji=\"\ud83d\udc49\" aria-label=\"\ud83d\udc49\" \/>\u00a0Preinscripci\u00f3 PFI: del 4 al 13 de maig<br \/>\n<img decoding=\"async\" class=\"an1\" draggable=\"false\" src=\"https:\/\/fonts.gstatic.com\/s\/e\/notoemoji\/17.0\/1f449\/72.png\" alt=\"\ud83d\udc49\" data-emoji=\"\ud83d\udc49\" aria-label=\"\ud83d\udc49\" \/>\u00a0Portes obertes: 16 d\u2019abril a les 17:00 h a l\u2019institut<\/p>\n<p>Tamb\u00e9 convidem els equips docents i d\u2019orientaci\u00f3 a venir a con\u00e8ixer-nos i descobrir tot el que oferim per ajudar l\u2019alumnat a fer el seg\u00fcent pas.<\/p>\n<p>Aquest curs ve carregat d\u2019oportunitats\u2026 t\u2019hi apuntes?<\/p>\n","protected":false},"excerpt":{"rendered":"<p>Nou curs, noves oportunitats\u2026 i moltes ganes de comen\u00e7ar!<br \/>\nEls tallers ja bullen d\u2019energia, les eines estan a punt i els projectes comencen a agafar forma. Al nostre institut ho tenim tot preparat per encetar un nou curs ple d\u2019aprenentatges, descobertes i oportunitats de futur.<br \/>\nEls Programes&hellip;  <a href=\"https:\/\/agora.xtec.cat\/iesmollet\/general\/pfi-presentacio-2026-2027\/\" title=\"Read PFI  (presentaci\u00f3 2026-2027)\">Llegeix m\u00e9s\u00bb<\/a><\/p>\n","protected":false},"author":1,"featured_media":0,"comment_status":"closed","ping_status":"closed","sticky":false,"template":"","format":"standard","meta":{"_bbp_topic_count":0,"_bbp_reply_count":0,"_bbp_total_topic_count":0,"_bbp_total_reply_count":0,"_bbp_voice_count":0,"_bbp_anonymous_reply_count":0,"_bbp_topic_count_hidden":0,"_bbp_reply_count_hidden":0,"_bbp_forum_subforum_count":0,"footnotes":""},"categories":[30,1,29],"tags":[],"class_list":["post-3833","post","type-post","status-publish","format-standard","hentry","category-cicles-formatius","category-general","category-portada"],"post_mailing_queue_ids":[],"_links":{"self":[{"href":"https:\/\/agora.xtec.cat\/iesmollet\/wp-json\/wp\/v2\/posts\/3833","targetHints":{"allow":["GET"]}}],"collection":[{"href":"https:\/\/agora.xtec.cat\/iesmollet\/wp-json\/wp\/v2\/posts"}],"about":[{"href":"https:\/\/agora.xtec.cat\/iesmollet\/wp-json\/wp\/v2\/types\/post"}],"author":[{"embeddable":true,"href":"https:\/\/agora.xtec.cat\/iesmollet\/wp-json\/wp\/v2\/users\/1"}],"replies":[{"embeddable":true,"href":"https:\/\/agora.xtec.cat\/iesmollet\/wp-json\/wp\/v2\/comments?post=3833"}],"version-history":[{"count":4,"href":"https:\/\/agora.xtec.cat\/iesmollet\/wp-json\/wp\/v2\/posts\/3833\/revisions"}],"predecessor-version":[{"id":3863,"href":"https:\/\/agora.xtec.cat\/iesmollet\/wp-json\/wp\/v2\/posts\/3833\/revisions\/3863"}],"wp:attachment":[{"href":"https:\/\/agora.xtec.cat\/iesmollet\/wp-json\/wp\/v2\/media?parent=3833"}],"wp:term":[{"taxonomy":"category","embeddable":true,"href":"https:\/\/agora.xtec.cat\/iesmollet\/wp-json\/wp\/v2\/categories?post=3833"},{"taxonomy":"post_tag","embeddable":true,"href":"https:\/\/agora.xtec.cat\/iesmollet\/wp-json\/wp\/v2\/tags?post=3833"}],"curies":[{"name":"wp","href":"https:\/\/api.w.org\/{rel}","templated":true}]}}