{"id":3801,"date":"2026-01-16T16:29:02","date_gmt":"2026-01-16T15:29:02","guid":{"rendered":"https:\/\/agora.xtec.cat\/iesmollet\/?p=3801"},"modified":"2026-01-16T16:29:44","modified_gmt":"2026-01-16T15:29:44","slug":"dates-de-preinscripcio-per-al-curs-26-27","status":"publish","type":"post","link":"https:\/\/agora.xtec.cat\/iesmollet\/general\/dates-de-preinscripcio-per-al-curs-26-27\/","title":{"rendered":"Dates de preinscripci\u00f3 per al curs 26-27"},"content":{"rendered":"<h2><span style=\"font-size: small;\"><u>DATES PREINSCRIPCIONS CURS 2026-2027<\/u><\/span><\/h2>\n<h2><span style=\"font-size: small;\">Preinscripci\u00f3 a l\u2019educaci\u00f3 secund\u00e0ria obligat\u00f2ria (ESO)<\/span><\/h2>\n<ul>\n<li><span style=\"font-size: small;\">Presentaci\u00f3 de sol\u00b7licituds:\u00a0<strong>del 6 al 18 de mar\u00e7 del 2026.<\/strong><\/span><\/li>\n<\/ul>\n<h2><span style=\"font-size: small;\">Preinscripci\u00f3 al batxillerat<\/span><\/h2>\n<ul>\n<li><span style=\"font-size: small;\">Presentaci\u00f3 de sol\u00b7licituds:\u00a0del\u00a0<strong>9 al 16 d\u2019abril del 2026<\/strong>.<\/span><\/li>\n<\/ul>\n<div><span style=\"font-size: small;\">\u00a0<\/span><\/div>\n<div><span style=\"font-size: small;\">Properament penjarem les dates de les preinscripcions a cicles formatius i les jornades de portes obertes de totes les etapes. Estigueu al cas!<\/span><\/div>\n<div><u><i><span style=\"font-size: small;\">\u00a0<\/span><\/i><\/u><\/div>\n<div><u><i><a href=\"https:\/\/preinscripcio.gencat.cat\/ca\/detalls\/noticia\/dates-preinscripcio-2026-2027\" target=\"_blank\" rel=\"noopener\" data-saferedirecturl=\"https:\/\/www.google.com\/url?q=https:\/\/preinscripcio.gencat.cat\/ca\/detalls\/noticia\/dates-preinscripcio-2026-2027&amp;source=gmail&amp;ust=1768660630455000&amp;usg=AOvVaw36egzP7xaZen5EYoJu4Mej\">https:\/\/preinscripcio.gencat.<wbr \/>cat\/ca\/detalls\/noticia\/dates-<wbr \/>preinscripcio-2026-2027<\/a><\/i><\/u><\/div>\n<p>&nbsp;<\/p>\n","protected":false},"excerpt":{"rendered":"<p>DATES PREINSCRIPCIONS CURS 2026-2027<br \/>\nPreinscripci\u00f3 a l\u2019educaci\u00f3 secund\u00e0ria obligat\u00f2ria (ESO)<\/p>\n<ul>\n<li>Presentaci\u00f3 de sol\u00b7licituds:\u00a0del 6 al 18 de mar\u00e7 del 2026.<\/li>\n<\/ul>\n<p>Preinscripci\u00f3 al batxillerat<\/p>\n<ul>\n<li>Presentaci\u00f3 de sol\u00b7licituds:\u00a0del\u00a09 al 16 d\u2019abril del 2026.<\/li>\n<\/ul>\n<p>\u00a0<br \/>\nProperament penjarem les dates de les preinscripcions a cicles formatius i les jornades de portes obertes de totes les&hellip;  <a href=\"https:\/\/agora.xtec.cat\/iesmollet\/general\/dates-de-preinscripcio-per-al-curs-26-27\/\" title=\"Read Dates de preinscripci\u00f3 per al curs 26-27\">Llegeix m\u00e9s\u00bb<\/a><\/p>\n","protected":false},"author":1,"featured_media":0,"comment_status":"closed","ping_status":"closed","sticky":false,"template":"","format":"standard","meta":{"_bbp_topic_count":0,"_bbp_reply_count":0,"_bbp_total_topic_count":0,"_bbp_total_reply_count":0,"_bbp_voice_count":0,"_bbp_anonymous_reply_count":0,"_bbp_topic_count_hidden":0,"_bbp_reply_count_hidden":0,"_bbp_forum_subforum_count":0,"footnotes":""},"categories":[1,29],"tags":[],"class_list":["post-3801","post","type-post","status-publish","format-standard","hentry","category-general","category-portada"],"post_mailing_queue_ids":[],"_links":{"self":[{"href":"https:\/\/agora.xtec.cat\/iesmollet\/wp-json\/wp\/v2\/posts\/3801","targetHints":{"allow":["GET"]}}],"collection":[{"href":"https:\/\/agora.xtec.cat\/iesmollet\/wp-json\/wp\/v2\/posts"}],"about":[{"href":"https:\/\/agora.xtec.cat\/iesmollet\/wp-json\/wp\/v2\/types\/post"}],"author":[{"embeddable":true,"href":"https:\/\/agora.xtec.cat\/iesmollet\/wp-json\/wp\/v2\/users\/1"}],"replies":[{"embeddable":true,"href":"https:\/\/agora.xtec.cat\/iesmollet\/wp-json\/wp\/v2\/comments?post=3801"}],"version-history":[{"count":1,"href":"https:\/\/agora.xtec.cat\/iesmollet\/wp-json\/wp\/v2\/posts\/3801\/revisions"}],"predecessor-version":[{"id":3802,"href":"https:\/\/agora.xtec.cat\/iesmollet\/wp-json\/wp\/v2\/posts\/3801\/revisions\/3802"}],"wp:attachment":[{"href":"https:\/\/agora.xtec.cat\/iesmollet\/wp-json\/wp\/v2\/media?parent=3801"}],"wp:term":[{"taxonomy":"category","embeddable":true,"href":"https:\/\/agora.xtec.cat\/iesmollet\/wp-json\/wp\/v2\/categories?post=3801"},{"taxonomy":"post_tag","embeddable":true,"href":"https:\/\/agora.xtec.cat\/iesmollet\/wp-json\/wp\/v2\/tags?post=3801"}],"curies":[{"name":"wp","href":"https:\/\/api.w.org\/{rel}","templated":true}]}}