{"id":3328,"date":"2026-02-17T10:13:17","date_gmt":"2026-02-17T09:13:17","guid":{"rendered":"https:\/\/agora.xtec.cat\/iesmollet\/?p=3328"},"modified":"2026-02-17T12:20:56","modified_gmt":"2026-02-17T11:20:56","slug":"3a-edicio-de-la-fira-mollet-torienta","status":"publish","type":"post","link":"https:\/\/agora.xtec.cat\/iesmollet\/general\/3a-edicio-de-la-fira-mollet-torienta\/","title":{"rendered":"Fira Mollet t&#8217;Orienta 2026"},"content":{"rendered":"<p>L&#8217;Institut de Mollet participarem a la Fira Mollet t&#8217;Orienta 2026 que tindr\u00e0 lloc els dies 4 i 5 de mar\u00e7 al Mercat Vell de Mollet del Vall\u00e8s.<\/p>\n<p>A aquesta fira hi col\u00b7laboren instituts i centres de tota la comarca i tindreu l&#8217;oportunitat d&#8217;explorar les vostres opcions acad\u00e8miques a Mollet i voltants. Tamb\u00e9 us podreu deixar assessorar pels professionals de les diferents escoles i instituts.<\/p>\n<p>Us esperem de 9:00 a 13:00 i de 15:00 a 19:00 de la tarda al Mercat Vell.<\/p>\n<p><a href=\"https:\/\/agora.xtec.cat\/iesmollet\/wp-content\/uploads\/usu655\/2026\/02\/fira-guiat-2026.jpg\">Flyer programa A5 Mollet Orienta 2026<\/a><\/p>\n<p><img loading=\"lazy\" decoding=\"async\" class=\"alignnone size-full wp-image-3823\" src=\"https:\/\/agora.xtec.cat\/iesmollet\/wp-content\/uploads\/usu655\/2026\/02\/fira-guiat-2026.jpg\" alt=\"\" width=\"675\" height=\"959\" srcset=\"https:\/\/agora.xtec.cat\/iesmollet\/wp-content\/uploads\/usu655\/2026\/02\/fira-guiat-2026.jpg 675w, https:\/\/agora.xtec.cat\/iesmollet\/wp-content\/uploads\/usu655\/2026\/02\/fira-guiat-2026-211x300.jpg 211w\" sizes=\"auto, (max-width: 675px) 100vw, 675px\" \/><\/p>\n","protected":false},"excerpt":{"rendered":"<p>L&#8217;Institut de Mollet participarem a la Fira Mollet t&#8217;Orienta 2026 que tindr\u00e0 lloc els dies 4 i 5 de mar\u00e7 al Mercat Vell de Mollet del Vall\u00e8s.<br \/>\nA aquesta fira hi col\u00b7laboren instituts i centres de tota la comarca i tindreu l&#8217;oportunitat d&#8217;explorar les vostres opcions&hellip;  <a href=\"https:\/\/agora.xtec.cat\/iesmollet\/general\/3a-edicio-de-la-fira-mollet-torienta\/\" title=\"Read Fira Mollet t&#8217;Orienta 2026\">Llegeix m\u00e9s\u00bb<\/a><\/p>\n","protected":false},"author":1,"featured_media":3823,"comment_status":"closed","ping_status":"closed","sticky":false,"template":"","format":"standard","meta":{"_bbp_topic_count":0,"_bbp_reply_count":0,"_bbp_total_topic_count":0,"_bbp_total_reply_count":0,"_bbp_voice_count":0,"_bbp_anonymous_reply_count":0,"_bbp_topic_count_hidden":0,"_bbp_reply_count_hidden":0,"_bbp_forum_subforum_count":0,"footnotes":""},"categories":[1,29],"tags":[],"class_list":["post-3328","post","type-post","status-publish","format-standard","has-post-thumbnail","hentry","category-general","category-portada"],"post_mailing_queue_ids":[],"_links":{"self":[{"href":"https:\/\/agora.xtec.cat\/iesmollet\/wp-json\/wp\/v2\/posts\/3328","targetHints":{"allow":["GET"]}}],"collection":[{"href":"https:\/\/agora.xtec.cat\/iesmollet\/wp-json\/wp\/v2\/posts"}],"about":[{"href":"https:\/\/agora.xtec.cat\/iesmollet\/wp-json\/wp\/v2\/types\/post"}],"author":[{"embeddable":true,"href":"https:\/\/agora.xtec.cat\/iesmollet\/wp-json\/wp\/v2\/users\/1"}],"replies":[{"embeddable":true,"href":"https:\/\/agora.xtec.cat\/iesmollet\/wp-json\/wp\/v2\/comments?post=3328"}],"version-history":[{"count":6,"href":"https:\/\/agora.xtec.cat\/iesmollet\/wp-json\/wp\/v2\/posts\/3328\/revisions"}],"predecessor-version":[{"id":3330,"href":"https:\/\/agora.xtec.cat\/iesmollet\/wp-json\/wp\/v2\/posts\/3328\/revisions\/3330"}],"wp:featuredmedia":[{"embeddable":true,"href":"https:\/\/agora.xtec.cat\/iesmollet\/wp-json\/wp\/v2\/media\/3823"}],"wp:attachment":[{"href":"https:\/\/agora.xtec.cat\/iesmollet\/wp-json\/wp\/v2\/media?parent=3328"}],"wp:term":[{"taxonomy":"category","embeddable":true,"href":"https:\/\/agora.xtec.cat\/iesmollet\/wp-json\/wp\/v2\/categories?post=3328"},{"taxonomy":"post_tag","embeddable":true,"href":"https:\/\/agora.xtec.cat\/iesmollet\/wp-json\/wp\/v2\/tags?post=3328"}],"curies":[{"name":"wp","href":"https:\/\/api.w.org\/{rel}","templated":true}]}}