{"id":3315,"date":"2026-02-19T18:00:55","date_gmt":"2026-02-19T17:00:55","guid":{"rendered":"https:\/\/agora.xtec.cat\/iesmollet\/?p=3315"},"modified":"2026-02-19T18:15:01","modified_gmt":"2026-02-19T17:15:01","slug":"portes-obertes-eso-2","status":"publish","type":"post","link":"https:\/\/agora.xtec.cat\/iesmollet\/general\/portes-obertes-eso-2\/","title":{"rendered":"Portes obertes ESO 2026"},"content":{"rendered":"<p><span lang=\"ca-ES\">El dissabte <strong>28 de febrer de 2026<\/strong>\u00a0es realitzaran les portes obertes per l&#8217;etapa d&#8217;<strong>ESO<\/strong> a l\u2019Institut de Mollet del Vall\u00e8s<\/span><span lang=\"ca-ES\">.\u00a0<\/span><\/p>\n<p>Les portes obertes que oferim s\u00f3n <strong>personalitzades<\/strong>, per aquest motiu caldr\u00e0 demanar <strong>cita pr\u00e8via<\/strong> <span lang=\"ca-ES\">en el seg\u00fcent enlla\u00e7: <a href=\"https:\/\/aplicacions.gestioeducativa.gencat.cat\/ords\/pls\/apex\/f?p=CITA_PREVIA:4::::4:P4_TIPUS_CALENDARI,P4_DOMINI:01_JPO_O,08021594\"><strong>CITA PR\u00c8VIA<\/strong><\/a> (horari de 9:30 a 13:00).<\/span><\/p>\n<p>NOTA: per obrir la cita pr\u00e8via cal utilitzar el Mozzilla, amb la resta de navegadors \u00e9s possible que no funcioni correctament. En cas de qualsevol problema podeu escriure un e-mail a: portesoberteseso@insmollet.cat<\/p>\n<p>Teniu enlla\u00e7ada la informaci\u00f3 general de totes les escoles i instituts de Mollet a: <a href=\"https:\/\/agora.xtec.cat\/iesmollet\/wp-content\/uploads\/usu655\/2025\/02\/IME-Triptic-portes-obertes-2026.pdf\">IME Triptic portes obertes 2026<\/a><\/p>\n<p><span lang=\"ca-ES\">Les portes obertes de les altres etapes educatives es realitzararan m\u00e9s tard i es penjar\u00e0 al web del centre.<\/span><\/p>\n","protected":false},"excerpt":{"rendered":"<p>El dissabte 28 de febrer de 2026\u00a0es realitzaran les portes obertes per l&#8217;etapa d&#8217;ESO a l\u2019Institut de Mollet del Vall\u00e8s.\u00a0<br \/>\nLes portes obertes que oferim s\u00f3n personalitzades, per aquest motiu caldr\u00e0 demanar cita pr\u00e8via en el seg\u00fcent enlla\u00e7: <a href=\"https:\/\/aplicacions.gestioeducativa.gencat.cat\/ords\/pls\/apex\/f?p=CITA_PREVIA:4::::4:P4_TIPUS_CALENDARI,P4_DOMINI:01_JPO_O,08021594\">CITA PR\u00c8VIA<\/a> (horari de 9:30 a 13:00).<br \/>\nNOTA:&hellip;  <a href=\"https:\/\/agora.xtec.cat\/iesmollet\/general\/portes-obertes-eso-2\/\" title=\"Read Portes obertes ESO 2026\">Llegeix m\u00e9s\u00bb<\/a><\/p>\n","protected":false},"author":1,"featured_media":0,"comment_status":"closed","ping_status":"closed","sticky":false,"template":"","format":"standard","meta":{"_bbp_topic_count":0,"_bbp_reply_count":0,"_bbp_total_topic_count":0,"_bbp_total_reply_count":0,"_bbp_voice_count":0,"_bbp_anonymous_reply_count":0,"_bbp_topic_count_hidden":0,"_bbp_reply_count_hidden":0,"_bbp_forum_subforum_count":0,"footnotes":""},"categories":[3,1,29],"tags":[],"class_list":["post-3315","post","type-post","status-publish","format-standard","hentry","category-eso","category-general","category-portada"],"post_mailing_queue_ids":[],"_links":{"self":[{"href":"https:\/\/agora.xtec.cat\/iesmollet\/wp-json\/wp\/v2\/posts\/3315","targetHints":{"allow":["GET"]}}],"collection":[{"href":"https:\/\/agora.xtec.cat\/iesmollet\/wp-json\/wp\/v2\/posts"}],"about":[{"href":"https:\/\/agora.xtec.cat\/iesmollet\/wp-json\/wp\/v2\/types\/post"}],"author":[{"embeddable":true,"href":"https:\/\/agora.xtec.cat\/iesmollet\/wp-json\/wp\/v2\/users\/1"}],"replies":[{"embeddable":true,"href":"https:\/\/agora.xtec.cat\/iesmollet\/wp-json\/wp\/v2\/comments?post=3315"}],"version-history":[{"count":6,"href":"https:\/\/agora.xtec.cat\/iesmollet\/wp-json\/wp\/v2\/posts\/3315\/revisions"}],"predecessor-version":[{"id":3830,"href":"https:\/\/agora.xtec.cat\/iesmollet\/wp-json\/wp\/v2\/posts\/3315\/revisions\/3830"}],"wp:attachment":[{"href":"https:\/\/agora.xtec.cat\/iesmollet\/wp-json\/wp\/v2\/media?parent=3315"}],"wp:term":[{"taxonomy":"category","embeddable":true,"href":"https:\/\/agora.xtec.cat\/iesmollet\/wp-json\/wp\/v2\/categories?post=3315"},{"taxonomy":"post_tag","embeddable":true,"href":"https:\/\/agora.xtec.cat\/iesmollet\/wp-json\/wp\/v2\/tags?post=3315"}],"curies":[{"name":"wp","href":"https:\/\/api.w.org\/{rel}","templated":true}]}}