{"id":1811,"date":"2021-07-02T12:42:59","date_gmt":"2021-07-02T10:42:59","guid":{"rendered":"https:\/\/agora.xtec.cat\/iesmollet\/?p=1811"},"modified":"2025-06-23T09:04:27","modified_gmt":"2025-06-23T07:04:27","slug":"llista-de-llibres-2022-23-institut-mollet-del-valles","status":"publish","type":"post","link":"https:\/\/agora.xtec.cat\/iesmollet\/general\/llista-de-llibres-2022-23-institut-mollet-del-valles\/","title":{"rendered":"Llibres de text 2025-26 ESO i Batxillerat"},"content":{"rendered":"<pre><\/pre>\n<p>&nbsp;<\/p>\n<table style=\"height: 177px; width: 96.8823%;\">\n<tbody>\n<tr style=\"height: 65px;\">\n<td style=\"height: 31px; width: 42.8326%;\">\n<h2><a href=\"https:\/\/agora.xtec.cat\/iesmollet\/wp-content\/uploads\/usu655\/2021\/07\/136-INS-de-Mollet-del-Valles-3.pdf\">Llibres text INS Mollet del Vall\u00e9s<\/a><\/h2>\n<p>&nbsp;<\/p>\n<p><strong><em>En aquesta llista nom\u00e9s consten els llibres en format paper. <\/em><em>La llista de llic\u00e8ncies digitals t\u00e9 una altre enlla\u00e7 a la portada de la p\u00e0gina web.\u00a0 \u00a0<\/em><\/strong><\/p>\n<p><strong><em>Nom\u00e9s surten les mat\u00e8ries que necessiten llibre. La resta de mat\u00e8ries no surten a la llista.\u00a0 \u00a0\u00a0<\/em><\/strong><\/p>\n<p><strong><em>Es recomana comprar els llibres de les mat\u00e8ries optatives de 4t de l&#8217;ESO al setembre, quan els grups estiguin establerts de manera definitiva.\u00a0<\/em> <\/strong><\/td>\n<td style=\"height: 31px; width: 53.3993%;\">\n<div><em><br \/>\n<\/em>Aquest curs continuem oferint el Projecte de Reutilitzaci\u00f3 de llibres amb\u00a0<span class=\"il\">IDDINK<\/span>\u00a0i el seu sistema d&#8217;ecoBooks. Els avantatges d&#8217;aquest sistema s\u00f3n:<br \/>\n\u2022 Estalvi del\u00a0<strong>55%<\/strong>\u00a0respecte al PVP en l&#8217;adquisici\u00f3 dels llibres reutilitzables (ecoBooks).<br \/>\n\u2022 Comanda unificada amb sistema flexible: es pot triar qu\u00e8 comprar: llibres nous, reutilitzables, de lectura, quotes, dossiers, material de papereria, etc.<br \/>\n\u2022 Les comandes es lliuraran a domicili a partir de la tercera setmana de juliol.<br \/>\n\u2022 Contacte amb\u00a0<span class=\"il\">IDDINK<\/span>:<\/div>\n<ul>\n<li style=\"list-style-type: none;\">\n<ul>\n<li>p\u00e0gina web:\u00a0<a href=\"https:\/\/eur03.safelinks.protection.outlook.com\/?url=http%3A%2F%2Fwww.iddink.cat%2F&amp;data=05%7C01%7Craquel.fernandez%40iddinkgroup.es%7Cd6ea83a6eabb46bcf74808db60ff6743%7C4d5a48993bae4dc59ea0ba540b354430%7C0%7C0%7C638210422294431040%7CUnknown%7CTWFpbGZsb3d8eyJWIjoiMC4wLjAwMDAiLCJQIjoiV2luMzIiLCJBTiI6Ik1haWwiLCJXVCI6Mn0%3D%7C3000%7C%7C%7C&amp;sdata=dG%2F4D1bMO2hIdetkUg9F4hQmd6ZUmdzLAnrJypgDUNg%3D&amp;reserved=0\" target=\"_blank\" rel=\"noopener noreferrer\" data-saferedirecturl=\"https:\/\/www.google.com\/url?q=https:\/\/eur03.safelinks.protection.outlook.com\/?url%3Dhttp%253A%252F%252Fwww.iddink.cat%252F%26data%3D05%257C01%257Craquel.fernandez%2540iddinkgroup.es%257Cd6ea83a6eabb46bcf74808db60ff6743%257C4d5a48993bae4dc59ea0ba540b354430%257C0%257C0%257C638210422294431040%257CUnknown%257CTWFpbGZsb3d8eyJWIjoiMC4wLjAwMDAiLCJQIjoiV2luMzIiLCJBTiI6Ik1haWwiLCJXVCI6Mn0%253D%257C3000%257C%257C%257C%26sdata%3DdG%252F4D1bMO2hIdetkUg9F4hQmd6ZUmdzLAnrJypgDUNg%253D%26reserved%3D0&amp;source=gmail&amp;ust=1687427848701000&amp;usg=AOvVaw2ajdMiGL8pnlPodoUQKsMf\">www.<span class=\"il\">iddink<\/span>.cat<\/a><\/li>\n<li>V\u00eddeo explicatiu: <a href=\"https:\/\/vimeo.com\/953990128\">https:\/\/vimeo.com\/953990128<\/a><\/li>\n<li><a href=\"https:\/\/agora.xtec.cat\/iesmollet\/wp-content\/uploads\/usu655\/2021\/07\/136_COM-COMPRAR-ecoBooks-sense-VP-amb-VAL-ESCOLAR_DINA4.pdf\">Com comprar a trav\u00e9s d&#8217;IDDINK<\/a><\/li>\n<\/ul>\n<\/li>\n<\/ul>\n<div>Tingueu en compte que les\u00a0comandes\u00a0abans del 21 de juliol s&#8217;estalviaran\u00a03\u202f\u20ac de despeses de gesti\u00f3.<br \/>\nUn any m\u00e9s us animem a utilitzar aquest sistema que redueix els costos mediambientals i aconsegueix un gran estalvi econ\u00f2mic.<\/div>\n<div><\/div>\n<div><strong>Si vols comprar a trav\u00e9s d&#8217;Iddink, clica l&#8217;enlla\u00e7:<\/strong><\/div>\n<div><\/div>\n<div><a href=\"http:\/\/microsites.iddink.es\/136_institut_de_mollet_del_valles\">http:\/\/microsites.iddink.es\/136_institut_de_mollet_del_valles<\/a><\/div>\n<p>&nbsp;<\/td>\n<\/tr>\n<\/tbody>\n<\/table>\n<p><!--more--><\/p>\n<p>&nbsp;<\/p>\n","protected":false},"excerpt":{"rendered":"<p>&nbsp;<\/p>\n<p><a href=\"https:\/\/agora.xtec.cat\/iesmollet\/wp-content\/uploads\/usu655\/2021\/07\/136-INS-de-Mollet-del-Valles-3.pdf\">Llibres text INS Mollet del Vall\u00e9s<\/a><br \/>\n&nbsp;<br \/>\nEn aquesta llista nom\u00e9s consten els llibres en format paper. La llista de llic\u00e8ncies digitals t\u00e9 una altre enlla\u00e7 a la portada de la p\u00e0gina web.\u00a0 \u00a0<br \/>\nNom\u00e9s surten les mat\u00e8ries que necessiten llibre. La resta de mat\u00e8ries no surten&hellip;  <a href=\"https:\/\/agora.xtec.cat\/iesmollet\/general\/llista-de-llibres-2022-23-institut-mollet-del-valles\/\" title=\"Read Llibres de text 2025-26 ESO i Batxillerat\">Llegeix m\u00e9s\u00bb<\/a><\/p>\n","protected":false},"author":1,"featured_media":0,"comment_status":"closed","ping_status":"closed","sticky":false,"template":"","format":"standard","meta":{"_bbp_topic_count":0,"_bbp_reply_count":0,"_bbp_total_topic_count":0,"_bbp_total_reply_count":0,"_bbp_voice_count":0,"_bbp_anonymous_reply_count":0,"_bbp_topic_count_hidden":0,"_bbp_reply_count_hidden":0,"_bbp_forum_subforum_count":0,"footnotes":""},"categories":[8,3,1,29],"tags":[],"class_list":["post-1811","post","type-post","status-publish","format-standard","hentry","category-batxillerat","category-eso","category-general","category-portada"],"post_mailing_queue_ids":[],"_links":{"self":[{"href":"https:\/\/agora.xtec.cat\/iesmollet\/wp-json\/wp\/v2\/posts\/1811","targetHints":{"allow":["GET"]}}],"collection":[{"href":"https:\/\/agora.xtec.cat\/iesmollet\/wp-json\/wp\/v2\/posts"}],"about":[{"href":"https:\/\/agora.xtec.cat\/iesmollet\/wp-json\/wp\/v2\/types\/post"}],"author":[{"embeddable":true,"href":"https:\/\/agora.xtec.cat\/iesmollet\/wp-json\/wp\/v2\/users\/1"}],"replies":[{"embeddable":true,"href":"https:\/\/agora.xtec.cat\/iesmollet\/wp-json\/wp\/v2\/comments?post=1811"}],"version-history":[{"count":6,"href":"https:\/\/agora.xtec.cat\/iesmollet\/wp-json\/wp\/v2\/posts\/1811\/revisions"}],"predecessor-version":[{"id":3635,"href":"https:\/\/agora.xtec.cat\/iesmollet\/wp-json\/wp\/v2\/posts\/1811\/revisions\/3635"}],"wp:attachment":[{"href":"https:\/\/agora.xtec.cat\/iesmollet\/wp-json\/wp\/v2\/media?parent=1811"}],"wp:term":[{"taxonomy":"category","embeddable":true,"href":"https:\/\/agora.xtec.cat\/iesmollet\/wp-json\/wp\/v2\/categories?post=1811"},{"taxonomy":"post_tag","embeddable":true,"href":"https:\/\/agora.xtec.cat\/iesmollet\/wp-json\/wp\/v2\/tags?post=1811"}],"curies":[{"name":"wp","href":"https:\/\/api.w.org\/{rel}","templated":true}]}}