{"id":1314,"date":"2021-04-21T19:00:50","date_gmt":"2021-04-21T17:00:50","guid":{"rendered":"https:\/\/agora.xtec.cat\/iesmollet\/?p=1314"},"modified":"2021-04-21T19:53:12","modified_gmt":"2021-04-21T17:53:12","slug":"els-meus-fills-ja-son-adolescents-i-ara-que","status":"publish","type":"post","link":"https:\/\/agora.xtec.cat\/iesmollet\/general\/els-meus-fills-ja-son-adolescents-i-ara-que\/","title":{"rendered":"4t ESO: Els meus fills ja s\u00f3n adolescents! I ara qu\u00e8?"},"content":{"rendered":"<p><strong>Xerrades virtuals de formaci\u00f3 per a fam\u00edlies de 4t d&#8217;ESO. <\/strong>Amb la col\u00b7laboraci\u00f3 de l\u2019AFA.<\/p>\n<p>Benvolguts,<\/p>\n<p>ens plau informar-vos que dins del Pla de Millora d\u2019Oportunitats Educatives (PMOE) hi ha programades unes xerrades virtuals per a les fam\u00edlies. Les dur\u00e0 a terme Quim Arany\u00f3 (ferdepares.cat), mestre format en mediaci\u00f3 i coaching familiar i educatiu.<\/p>\n<p>La primera xerrada porta per t\u00edtol: <a href=\"https:\/\/agora.xtec.cat\/iesmollet\/wp-content\/uploads\/usu655\/2021\/03\/Els-meus-fills-ja-s\u00f3n-adolescents.-I-ara-qu\u00e8.pdf\">Els meus fills ja s\u00f3n adolescents. I ara qu\u00e8<\/a>?<\/p>\n<p>Dia i hora de la xerrada:<br \/>\nFam\u00edlies de 4t de l\u2019ESO: <strong>\u00a022 d&#8217;abril de 2021 a les 19:00h<\/strong><\/p>\n<p>Si hi esteu interessats, informeu-ne per correu al tutor\/a del vostre fill\/a.<br \/>\nRebreu en el vostre correu l\u2019enlla\u00e7 meet per poder seguir la xerrada.<\/p>\n<p>Salutacions,<br \/>\nEquip directiu.<\/p>\n","protected":false},"excerpt":{"rendered":"<p>Xerrades virtuals de formaci\u00f3 per a fam\u00edlies de 4t d&#8217;ESO. Amb la col\u00b7laboraci\u00f3 de l\u2019AFA.<br \/>\nBenvolguts,<br \/>\nens plau informar-vos que dins del Pla de Millora d\u2019Oportunitats Educatives (PMOE) hi ha programades unes xerrades virtuals per a les fam\u00edlies. Les dur\u00e0 a terme Quim Arany\u00f3 (ferdepares.cat), mestre format&hellip;  <a href=\"https:\/\/agora.xtec.cat\/iesmollet\/general\/els-meus-fills-ja-son-adolescents-i-ara-que\/\" title=\"Read 4t ESO: Els meus fills ja s\u00f3n adolescents! I ara qu\u00e8?\">Llegeix m\u00e9s\u00bb<\/a><\/p>\n","protected":false},"author":4,"featured_media":1329,"comment_status":"open","ping_status":"closed","sticky":false,"template":"","format":"standard","meta":{"_bbp_topic_count":0,"_bbp_reply_count":0,"_bbp_total_topic_count":0,"_bbp_total_reply_count":0,"_bbp_voice_count":0,"_bbp_anonymous_reply_count":0,"_bbp_topic_count_hidden":0,"_bbp_reply_count_hidden":0,"_bbp_forum_subforum_count":0,"footnotes":""},"categories":[31,108,3,4,6,7,1,29],"tags":[],"class_list":["post-1314","post","type-post","status-publish","format-standard","has-post-thumbnail","hentry","category-afa","category-assesorament","category-eso","category-eso-1","category-eso-3","category-eso-4","category-general","category-portada"],"post_mailing_queue_ids":[],"_links":{"self":[{"href":"https:\/\/agora.xtec.cat\/iesmollet\/wp-json\/wp\/v2\/posts\/1314","targetHints":{"allow":["GET"]}}],"collection":[{"href":"https:\/\/agora.xtec.cat\/iesmollet\/wp-json\/wp\/v2\/posts"}],"about":[{"href":"https:\/\/agora.xtec.cat\/iesmollet\/wp-json\/wp\/v2\/types\/post"}],"author":[{"embeddable":true,"href":"https:\/\/agora.xtec.cat\/iesmollet\/wp-json\/wp\/v2\/users\/4"}],"replies":[{"embeddable":true,"href":"https:\/\/agora.xtec.cat\/iesmollet\/wp-json\/wp\/v2\/comments?post=1314"}],"version-history":[{"count":3,"href":"https:\/\/agora.xtec.cat\/iesmollet\/wp-json\/wp\/v2\/posts\/1314\/revisions"}],"predecessor-version":[{"id":1619,"href":"https:\/\/agora.xtec.cat\/iesmollet\/wp-json\/wp\/v2\/posts\/1314\/revisions\/1619"}],"wp:featuredmedia":[{"embeddable":true,"href":"https:\/\/agora.xtec.cat\/iesmollet\/wp-json\/wp\/v2\/media\/1329"}],"wp:attachment":[{"href":"https:\/\/agora.xtec.cat\/iesmollet\/wp-json\/wp\/v2\/media?parent=1314"}],"wp:term":[{"taxonomy":"category","embeddable":true,"href":"https:\/\/agora.xtec.cat\/iesmollet\/wp-json\/wp\/v2\/categories?post=1314"},{"taxonomy":"post_tag","embeddable":true,"href":"https:\/\/agora.xtec.cat\/iesmollet\/wp-json\/wp\/v2\/tags?post=1314"}],"curies":[{"name":"wp","href":"https:\/\/api.w.org\/{rel}","templated":true}]}}