{"id":3303,"date":"2024-01-23T20:53:31","date_gmt":"2024-01-23T19:53:31","guid":{"rendered":"https:\/\/agora.xtec.cat\/iesmolidelavila\/?p=3303"},"modified":"2024-01-23T20:53:32","modified_gmt":"2024-01-23T19:53:32","slug":"examens-de-recuperacio-dassignatures-pendents-de-cursos-anteriors","status":"publish","type":"post","link":"https:\/\/agora.xtec.cat\/iesmolidelavila\/general\/examens-de-recuperacio-dassignatures-pendents-de-cursos-anteriors\/","title":{"rendered":"Ex\u00e0mens de recuperaci\u00f3 d&#8217;assignatures pendents de cursos anteriors"},"content":{"rendered":"<p>Podeu consultar els horaris dels ex\u00e0mens de recuperaci\u00f3 de mat\u00e8ries de cursos anteriors:<\/p>\n<ul>\n<li><a href=\"https:\/\/agora.xtec.cat\/iesmolidelavila\/general\/examens-de-recuperacio-dassignatures-pendents-de-cursos-anteriors\/attachment\/examens-recuperacio-4t-eso-alumncursosanteriors\/\" rel=\"attachment wp-att-3304\">Ex\u00e0mens de recuperaci\u00f3 d&#8217;alumnes de 4t d&#8217;ESO amb mat\u00e8ries suspeses de cursos anteriors<\/a><\/li>\n<li><a href=\"https:\/\/agora.xtec.cat\/iesmolidelavila\/general\/examens-de-recuperacio-dassignatures-pendents-de-cursos-anteriors\/attachment\/examens-recuperacio-2nbatx-alum-curs-anterior\/\" rel=\"attachment wp-att-3305\">Ex\u00e0mens de recuperaci\u00f3 d&#8217;alumnes de 2n BATX amb assignatures suspeses de 1r BATX<\/a><\/li>\n<\/ul>\n","protected":false},"excerpt":{"rendered":"<p>Podeu consultar els horaris dels ex\u00e0mens de recuperaci\u00f3 de mat\u00e8ries de cursos anteriors:<\/p>\n<ul>\n<li><a href=\"https:\/\/agora.xtec.cat\/iesmolidelavila\/general\/examens-de-recuperacio-dassignatures-pendents-de-cursos-anteriors\/attachment\/examens-recuperacio-4t-eso-alumncursosanteriors\/\" rel=\"attachment wp-att-3304\">Ex\u00e0mens de recuperaci\u00f3 d&#8217;alumnes de 4t d&#8217;ESO amb mat\u00e8ries suspeses de cursos anteriors<\/a><\/li>\n<li><a href=\"https:\/\/agora.xtec.cat\/iesmolidelavila\/general\/examens-de-recuperacio-dassignatures-pendents-de-cursos-anteriors\/attachment\/examens-recuperacio-2nbatx-alum-curs-anterior\/\" rel=\"attachment wp-att-3305\">Ex\u00e0mens de recuperaci\u00f3 d&#8217;alumnes de 2n BATX amb assignatures suspeses de 1r BATX<\/a><\/li>\n<\/ul>\n","protected":false},"author":3,"featured_media":0,"comment_status":"closed","ping_status":"closed","sticky":false,"template":"","format":"standard","meta":{"footnotes":""},"categories":[8,3,89,1,29],"tags":[],"class_list":["post-3303","post","type-post","status-publish","format-standard","hentry","category-batxillerat","category-eso","category-estudis","category-general","category-portada"],"post_mailing_queue_ids":[],"_links":{"self":[{"href":"https:\/\/agora.xtec.cat\/iesmolidelavila\/wp-json\/wp\/v2\/posts\/3303","targetHints":{"allow":["GET"]}}],"collection":[{"href":"https:\/\/agora.xtec.cat\/iesmolidelavila\/wp-json\/wp\/v2\/posts"}],"about":[{"href":"https:\/\/agora.xtec.cat\/iesmolidelavila\/wp-json\/wp\/v2\/types\/post"}],"author":[{"embeddable":true,"href":"https:\/\/agora.xtec.cat\/iesmolidelavila\/wp-json\/wp\/v2\/users\/3"}],"replies":[{"embeddable":true,"href":"https:\/\/agora.xtec.cat\/iesmolidelavila\/wp-json\/wp\/v2\/comments?post=3303"}],"version-history":[{"count":2,"href":"https:\/\/agora.xtec.cat\/iesmolidelavila\/wp-json\/wp\/v2\/posts\/3303\/revisions"}],"predecessor-version":[{"id":3307,"href":"https:\/\/agora.xtec.cat\/iesmolidelavila\/wp-json\/wp\/v2\/posts\/3303\/revisions\/3307"}],"wp:attachment":[{"href":"https:\/\/agora.xtec.cat\/iesmolidelavila\/wp-json\/wp\/v2\/media?parent=3303"}],"wp:term":[{"taxonomy":"category","embeddable":true,"href":"https:\/\/agora.xtec.cat\/iesmolidelavila\/wp-json\/wp\/v2\/categories?post=3303"},{"taxonomy":"post_tag","embeddable":true,"href":"https:\/\/agora.xtec.cat\/iesmolidelavila\/wp-json\/wp\/v2\/tags?post=3303"}],"curies":[{"name":"wp","href":"https:\/\/api.w.org\/{rel}","templated":true}]}}